{"id":888,"date":"2024-01-25T08:08:15","date_gmt":"2024-01-25T11:08:15","guid":{"rendered":"https:\/\/cidadenoar.com\/noticia\/35738\/surpreendendo-no-dia-da-mulher-por-que-guarda-chuvas-personalizados-sao-o-presente-corporativo-ideal"},"modified":"2025-07-26T18:20:09","modified_gmt":"2025-07-26T21:20:09","slug":"surpreendendo-no-dia-da-mulher-por-que-guarda-chuvas-personalizados-sao-o-presente-corporativo-ideal","status":"publish","type":"post","link":"https:\/\/cidadenoar.com\/global\/geral\/surpreendendo-no-dia-da-mulher-por-que-guarda-chuvas-personalizados-sao-o-presente-corporativo-ideal\/","title":{"rendered":"Surpreendendo no Dia da Mulher: Por Que Guarda-Chuvas Personalizados S\u00e3o o Presente Corporativo Ideal"},"content":{"rendered":"<p><small id=\"v_data\">25\/01\/2024 \u00e0s 08h10min &#8211; Atualizada em 25\/01\/2024 \u00e0s 08h07min<\/small> <\/p>\n<h4><\/h4>\n<p>SUAIMPRENSA &#8211; cidadenoar.com<\/p>\n<p> <small class=\"small\"><\/small> <\/p>\n<div id=\"texto_release_format\" readability=\"51.538501560874\">\n<div class=\"boxhtml_full\"> <a href=\"35738\/25012024081017_guarda-chu.jpg\" title data-gallery> <img \/image?src=35738\/25012024081017_guarda-chu.jpg&amp;w=1200&amp;h=630&amp;output=webp\" align=\"left\" class=\"img-responsive\"> <\/a><\/div>\n<div><span>\u00c0 medida que o Dia Internacional da Mulher se aproxima, os departamentos de Recursos Humanos e Marketing das empresas buscam formas significativas de honrar e reconhecer as contribui\u00e7\u00f5es inestim\u00e1veis das mulheres no ambiente de trabalho. Neste contexto, os presentes corporativos assumem um papel especial, n\u00e3o apenas como um gesto de apre\u00e7o, mas tamb\u00e9m como uma oportunidade de refor\u00e7ar a cultura e os valores da empresa. E por que n\u00e3o considerar algo t\u00e3o pr\u00e1tico quanto simb\u00f3lico, como um <a href=\"https:\/\/florenca.ind.br\/\" target=\"_blank\" rel=\"noopener\">guarda-chuva personalizado<\/a>?<br \/>&nbsp;<\/span><\/div>\n<h2>Por que Guarda-Chuvas Personalizados?<\/h2>\n<p><span>A escolha do guarda-chuva como presente \u00e9 estrat\u00e9gica e simb\u00f3lica. Guarda-chuvas protegem, s\u00e3o indispens\u00e1veis em momentos inesperados e representam cuidado e preven\u00e7\u00e3o. Da mesma forma, as mulheres em nossa vida profissional s\u00e3o pilares de for\u00e7a, adaptabilidade e suporte. Presentear um guarda-chuva personalizado \u00e9 metaforicamente reconhecer e valorizar essas qualidades.<br \/>&nbsp;<\/span><\/p>\n<h3>Personaliza\u00e7\u00e3o que Transmite Mensagem:<\/h3>\n<p><span>Personalizar o presente significa ir al\u00e9m do gen\u00e9rico. \u00c9 uma chance de imprimir uma mensagem que ecoar\u00e1 os valores da sua organiza\u00e7\u00e3o. Pode ser uma cita\u00e7\u00e3o inspiradora, um agradecimento ou uma arte que reflita a ess\u00eancia feminina e a diversidade do grupo. Al\u00e9m disso, o design pode incorporar as cores da empresa ou at\u00e9 mesmo ser alinhado a uma campanha interna de empoderamento feminino.<br \/>&nbsp;<\/span><\/p>\n<h3>Qualidade como Reflexo de Estima:<\/h3>\n<div><span>A qualidade do <a href=\"https:\/\/florenca.ind.br\/\" target=\"_blank\" rel=\"noopener\">guarda chuva personalizado<\/a> tamb\u00e9m \u00e9 uma declara\u00e7\u00e3o. Escolher um item dur\u00e1vel e de bom design mostra que a empresa n\u00e3o busca apenas cumprir uma formalidade, mas oferecer algo que tenha valor e que dure, assim como a contribui\u00e7\u00e3o das mulheres na empresa.<br \/>&nbsp;<\/span><\/div>\n<h3>Funcionalidade Encontra o Estilo:<\/h3>\n<p><span>O guarda-chuva como presente atende a um crit\u00e9rio pr\u00e1tico e estil\u00edstico. \u00c9 um item que todos usam, independentemente da esta\u00e7\u00e3o, e que pode ser um acess\u00f3rio distinto. Mais do que isso, o guarda-chuva pode ser um lembrete di\u00e1rio da considera\u00e7\u00e3o da empresa, sempre que for usado.<\/span><br \/>&nbsp;<\/p>\n<h3>Onde encontrar um fornecedor confi\u00e1vel de <a href=\"https:\/\/florenca.ind.br\/\" target=\"_blank\" rel=\"noopener\">guarda chuva personalizado<\/a>?<\/h3>\n<div readability=\"12\"><span readability=\"14\">Se a ideia de presentear com guarda-chuvas personalizados lhe agrada, mas voc\u00ea est\u00e1 incerto sobre onde encontrar produtos que garantam qualidade e confiabilidade, permita-nos apresentar a solu\u00e7\u00e3o perfeita: Floren\u00e7a Brindes.<\/p>\n<p>Com uma reputa\u00e7\u00e3o consolidada no mercado e mais de 4.000 clientes satisfeitos em sua hist\u00f3ria, a Floren\u00e7a Brindes se destaca como a escolha ideal para quem busca n\u00e3o apenas um produto de excel\u00eancia, mas tamb\u00e9m a tranquilidade de contar com prazos de entrega cumpridos \u00e0 risca. Ao optar pela Floren\u00e7a Brindes, voc\u00ea escolhe uma empresa que entende a import\u00e2ncia de cada detalhe, desde a negocia\u00e7\u00e3o at\u00e9 o momento em que o presente \u00e9 entregue nas m\u00e3os de quem tanto valorizamos.<\/p>\n<p>N\u00e3o deixe que a busca pelo presente perfeito se transforme em uma preocupa\u00e7\u00e3o adicional em sua agenda j\u00e1 ocupada. Escolha a Floren\u00e7a Brindes e celebre o Dia Internacional da Mulher com confian\u00e7a, sabendo que voc\u00ea est\u00e1 em boas m\u00e3os.<br \/>&nbsp;<\/p>\n<p><\/span><\/div>\n<h2>Conclus\u00e3o:<\/h2>\n<div readability=\"7.7052631578947\"><span readability=\"5.7789473684211\">Investir em <a href=\"https:\/\/florenca.ind.br\/\" target=\"_blank\" rel=\"noopener\">guarda-chuvas personalizados<\/a> como presentes para o Dia Internacional da Mulher \u00e9 mais do que um gesto de reconhecimento. \u00c9 uma poderosa ferramenta de branding que refor\u00e7a o compromisso da empresa com a diversidade e a inclus\u00e3o. Para as profissionais de Recursos Humanos e Marketing, \u00e9 uma oportunidade de transmitir respeito, apre\u00e7o e inspira\u00e7\u00e3o, alinhando o presente com a miss\u00e3o da empresa de cultivar um ambiente de trabalho onde todos se sintam valorizados.<\/p>\n<p>Este Dia da Mulher, d\u00ea um passo adiante na celebra\u00e7\u00e3o das conquistas das mulheres na sua empresa. Escolha um presente que seja pr\u00e1tico, elegante e cheio de significado. Escolha o guarda-chuva personalizado e veja o impacto positivo que ele trar\u00e1 ao seu ambiente de trabalho<\/p>\n<p><\/span><\/div>\n<p><\/div>\n<p> <img decoding=\"async\" src=\"http:\/\/portal.cidadenoar.com.br\/wp-content\/uploads\/sites\/22\/2024\/12\/surpreendendo-no-dia-da-mulher-por-que-guarda-chuvas-personalizados-sao-o-presente-corporativo-ideal.jpg\" alt=\"\" title=\"\"><\/p>\n","protected":false},"excerpt":{"rendered":"<p>25\/01\/2024 \u00e0s 08h10min &#8211; Atualizada em 25\/01\/2024 \u00e0s 08h07min SUAIMPRENSA &#8211; cidadenoar.com<\/p>\n","protected":false},"author":1,"featured_media":0,"comment_status":"closed","ping_status":"closed","sticky":false,"template":"","format":"standard","meta":{"footnotes":""},"categories":[1],"tags":[22],"class_list":["post-888","post","type-post","status-publish","format-standard","hentry","category-geral","tag-brasil"],"_links":{"self":[{"href":"https:\/\/cidadenoar.com\/global\/wp-json\/wp\/v2\/posts\/888","targetHints":{"allow":["GET"]}}],"collection":[{"href":"https:\/\/cidadenoar.com\/global\/wp-json\/wp\/v2\/posts"}],"about":[{"href":"https:\/\/cidadenoar.com\/global\/wp-json\/wp\/v2\/types\/post"}],"author":[{"embeddable":true,"href":"https:\/\/cidadenoar.com\/global\/wp-json\/wp\/v2\/users\/1"}],"replies":[{"embeddable":true,"href":"https:\/\/cidadenoar.com\/global\/wp-json\/wp\/v2\/comments?post=888"}],"version-history":[{"count":0,"href":"https:\/\/cidadenoar.com\/global\/wp-json\/wp\/v2\/posts\/888\/revisions"}],"wp:attachment":[{"href":"https:\/\/cidadenoar.com\/global\/wp-json\/wp\/v2\/media?parent=888"}],"wp:term":[{"taxonomy":"category","embeddable":true,"href":"https:\/\/cidadenoar.com\/global\/wp-json\/wp\/v2\/categories?post=888"},{"taxonomy":"post_tag","embeddable":true,"href":"https:\/\/cidadenoar.com\/global\/wp-json\/wp\/v2\/tags?post=888"}],"curies":[{"name":"wp","href":"https:\/\/api.w.org\/{rel}","templated":true}]}}