{"id":891,"date":"2023-12-21T10:55:00","date_gmt":"2023-12-21T13:55:00","guid":{"rendered":"https:\/\/cidadenoar.com\/noticia\/35475\/playtv-destaca-a-musica-brasileira-no-programa-brasil-com-o-videoclipe-de-marlus-viana-liga-para-mim-"},"modified":"2025-07-26T18:20:23","modified_gmt":"2025-07-26T21:20:23","slug":"playtv-destaca-a-musica-brasileira-no-programa-brasil-com-o-videoclipe-de-marlus-viana-liga-para-mim","status":"publish","type":"post","link":"https:\/\/cidadenoar.com\/global\/geral\/playtv-destaca-a-musica-brasileira-no-programa-brasil-com-o-videoclipe-de-marlus-viana-liga-para-mim\/","title":{"rendered":"PlayTV destaca a m\u00fasica brasileira no programa +Brasil com o videoclipe de Marlus Viana:\u00a0\u2018Liga\u00a0para\u00a0mim\u2019"},"content":{"rendered":"<div class=\"boxhtml_full\"> <a href=\"35475\/21122023105904_Thiaggo_Ca.jpg\" title data-gallery> <img \/image?src=35475\/21122023105904_Thiaggo_Ca.jpg&amp;w=1200&amp;h=630&amp;output=webp\" align=\"left\" class=\"img-responsive\"> <\/a><\/div>\n<p><!-- x-tinymce\/html --> <\/p>\n<p><em>O programa +Brasil, da PlayTV, proporciona um espa\u00e7o exclusivo para artistas divulgarem seus videoclipes, enquanto destaca e prestigia a diversificada cena musical&nbsp;brasileira<\/em><\/p>\n<p>A PlayTV, renomado canal dedicado \u00e0 cultura pop, universo geek e e-sports, refor\u00e7a seu compromisso em promover a m\u00fasica brasileira com a inclus\u00e3o do videoclipe de Marlus Viana no programa +Brasil. O artista ter\u00e1 destaque com a m\u00fasica \u201cLiga para mim\u201d, uma homenagem aos 20 anos do primeiro DVD da Banda Calcinha Preta.<\/p>\n<p>No dia 07 de dezembro, a Banda Calcinha Preta realizar\u00e1 um show especial na Arena Fonte Nova em Salvador, com participa\u00e7\u00f5es especiais de Marlus Viana, Maiara e Mara\u00edsa, Berg e Raied, para um p\u00fablico estimado em mais de 20 mil pessoas.<\/p>\n<p>O programa +Brasil, uma iniciativa da PlayTV, oferece um espa\u00e7o exclusivo para artistas divulgarem seus videoclipes musicais, simultaneamente prestigiando a rica cena musical brasileira. Os f\u00e3s de Marlus Viana poder\u00e3o desfrutar da apresenta\u00e7\u00e3o do cantor no +Brasil, dispon\u00edvel em TV por assinatura, parab\u00f3licas e plataformas de streaming.<\/p>\n<p>Alexandre Zalcman, Diretor-presidente da PlayTV, expressa sua admira\u00e7\u00e3o pelo trabalho do cantor: \u201cSou um grande f\u00e3 e admirador do Marlus, e tenho certeza de que sua m\u00fasica \u2018Liga Pra mim\u2019, dedicada a Paula Abelha, que nos deixou tragicamente no ano passado, emocionar\u00e1 todo o p\u00fablico na Arena Fonte Nova\u201d.<\/p>\n<p>A PlayTV, pioneira em seu setor, \u00e9 reconhecida como o maior hub de conte\u00fado geek do Brasil. Al\u00e9m de valorizar a cultura estrangeira, a emissora destaca seu compromisso com a promo\u00e7\u00e3o da arte brasileira, inovando constantemente e ampliando o acesso ao seu conte\u00fado, promovendo a interatividade entre programas e telespectadores.<\/p>\n<h2>Sobre a PlayTV<\/h2>\n<p>A PlayTV, fundada em 2006, \u00e9 o principal hub de curadoria e produ\u00e7\u00e3o de conte\u00fado relacionado a games e cultura pop. Ela se destaca por ser o primeiro canal de televis\u00e3o a dedicar uma programa\u00e7\u00e3o voltada para a comunidade geek. Ao longo de sua trajet\u00f3ria, a PlayTV conquistou reconhecimento, recebendo premia\u00e7\u00f5es como o Le\u00e3o de Prata e sendo a vencedora do festival internacional Telas. Al\u00e9m disso, a emissora sempre esteve presente em eventos nacionais e internacionais voltados para seu p\u00fablico e foi pioneira na interatividade entre programas e telespectadores.<\/p>\n<p>Foto de Thiaggo Camilo &#8211; @thiaggocamilo<\/p>\n<p>Thiaggo Camilo &#8211; @thiaggocamilo<\/p>\n<p>Jornalista e assessor de imprensa. Foi jurado do quadro musical do programa Mais Show com Danny Pink na Rede Vida. Colunista do T\u00f4 Na Fama!, portal parceiro de conte\u00fado do IG. Atualmente est\u00e1 a frente da sua ag\u00eancia de comunica\u00e7\u00e3o e licenciamento. Redes sociais @thiaggocamilo | @thiaggocamilopress<\/p>\n<p><img decoding=\"async\" src=\"http:\/\/portal.cidadenoar.com.br\/wp-content\/uploads\/sites\/22\/2024\/12\/playtv-destaca-a-musica-brasileira-no-programa-brasil-com-o-videoclipe-de-marlus-viana-liga-para-mim.jpg\" alt=\"\" title=\"\"><\/p>\n","protected":false},"excerpt":{"rendered":"","protected":false},"author":1,"featured_media":0,"comment_status":"closed","ping_status":"closed","sticky":false,"template":"","format":"standard","meta":{"footnotes":""},"categories":[1],"tags":[22],"class_list":["post-891","post","type-post","status-publish","format-standard","hentry","category-geral","tag-brasil"],"_links":{"self":[{"href":"https:\/\/cidadenoar.com\/global\/wp-json\/wp\/v2\/posts\/891","targetHints":{"allow":["GET"]}}],"collection":[{"href":"https:\/\/cidadenoar.com\/global\/wp-json\/wp\/v2\/posts"}],"about":[{"href":"https:\/\/cidadenoar.com\/global\/wp-json\/wp\/v2\/types\/post"}],"author":[{"embeddable":true,"href":"https:\/\/cidadenoar.com\/global\/wp-json\/wp\/v2\/users\/1"}],"replies":[{"embeddable":true,"href":"https:\/\/cidadenoar.com\/global\/wp-json\/wp\/v2\/comments?post=891"}],"version-history":[{"count":0,"href":"https:\/\/cidadenoar.com\/global\/wp-json\/wp\/v2\/posts\/891\/revisions"}],"wp:attachment":[{"href":"https:\/\/cidadenoar.com\/global\/wp-json\/wp\/v2\/media?parent=891"}],"wp:term":[{"taxonomy":"category","embeddable":true,"href":"https:\/\/cidadenoar.com\/global\/wp-json\/wp\/v2\/categories?post=891"},{"taxonomy":"post_tag","embeddable":true,"href":"https:\/\/cidadenoar.com\/global\/wp-json\/wp\/v2\/tags?post=891"}],"curies":[{"name":"wp","href":"https:\/\/api.w.org\/{rel}","templated":true}]}}