{"id":923,"date":"2023-07-22T00:08:34","date_gmt":"2023-07-22T03:08:34","guid":{"rendered":"https:\/\/cidadenoar.com\/noticia\/34710\/romeu-zema-visita-primeira-fabrica-comercial-de-biochar-do-brasil"},"modified":"2025-07-26T18:32:45","modified_gmt":"2025-07-26T21:32:45","slug":"romeu-zema-visita-primeira-fabrica-comercial-de-biochar-do-brasil","status":"publish","type":"post","link":"https:\/\/cidadenoar.com\/global\/geral\/romeu-zema-visita-primeira-fabrica-comercial-de-biochar-do-brasil\/","title":{"rendered":"Romeu Zema visita primeira f\u00e1brica comercial de biochar do Brasil"},"content":{"rendered":"<div class=\"boxhtml_full\"> <a href=\"34710\/21072748_DJI_0472_1.jpg.jpg\" title=\"Gil Silva \/ NetZero Divulga\u00e7\u00e3o\" data-gallery> <img \/image?src=34710\/21072748_DJI_0472_1.jpg.jpg&amp;w=1200&amp;h=630&amp;output=webp\" align=\"left\" class=\"img-responsive\"> <\/a><i>Gil Silva \/ NetZero Divulga\u00e7\u00e3o<\/i><\/div>\n<p paraeid=\"{cdf118fd-72f1-4fab-b9e4-a2e8e91f5e2d}\" paraid=\"1339310547\">Lajinha (MG),&nbsp;julho de 2023 \u2013 Neste s\u00e1bado (22), o governador de Minas Gerais, Romeu Zema, visitar\u00e1 a primeira f\u00e1brica comercial de biochar do Brasil. O condicionador do solo atua como uma \u201cesponja de carbono\u201d e ajuda na reten\u00e7\u00e3o de \u00e1gua e nutrientes de terras agr\u00edcolas, contribuindo tamb\u00e9m para a remo\u00e7\u00e3o de carbono da atmosfera. Localizada em Lajinha (MG), quem o produz \u00e9 a francesa NetZero, uma startup cujo modelo premiado alavanca o biochar para combater as altera\u00e7\u00f5es clim\u00e1ticas e tornar a agricultura mais sustent\u00e1vel.&nbsp;<\/p>\n<p paraeid=\"{cdf118fd-72f1-4fab-b9e4-a2e8e91f5e2d}\" paraid=\"367576801\">Em Lajinha, a f\u00e1brica tem capacidade para produzir mais de 4.500 toneladas de biochar por ano, o que significa remover anualmente mais de 6.500 toneladas de CO2 equivalente da atmosfera \u2013\u202fisso sem contar as emiss\u00f5es evitadas ligadas ao menor uso de fertilizantes qu\u00edmicos. Batizada de Guy Reinaud, em homenagem a um dos pioneiros do biochar, a f\u00e1brica foi inaugurada em abril deste ano e emprega diretamente 30\u202ffuncion\u00e1rios.&nbsp;<\/p>\n<blockquote readability=\"14\">\n<p paraeid=\"{cdf118fd-72f1-4fab-b9e4-a2e8e91f5e2d}\" paraid=\"367576801\">\u201cA vinda do governador Zema \u00e0 planta da NetZero demonstra a relev\u00e2ncia do empreendimento para a regi\u00e3o e para o Estado, tendo em vista que Minas Gerais \u00e9, de fato, pioneira na produ\u00e7\u00e3o e no uso de biochar na Am\u00e9rica Latina. Durante a visita, explicaremos como o modelo da NetZero pode ser estrat\u00e9gico para conciliar produtividade e sustentabilidade na agricultura\u201d, afirma Pedro de Figueiredo, cofundador da NetZero e CEO da NetZero Brasil.&nbsp;<\/p>\n<\/blockquote>\n<p paraeid=\"{38ac8607-a0c7-4c3e-906f-96bf49d210d1}\" paraid=\"832864535\">Durante a visita, Zema tamb\u00e9m conhecer\u00e1 a Coocaf\u00e9, parceira da NetZero no projeto. A cooperativa re\u00fane mais de 10 mil cafeicultores, e parte deles fornece milhares de toneladas de res\u00edduos n\u00e3o utilizados provenientes do processo de envelhecimento do caf\u00e9 \u00e0 NetZero, que os transforma em biochar. Estes mesmos agricultores utilizam ent\u00e3o o biochar nos seus campos para melhorar a produtividade das culturas e reduzir a utiliza\u00e7\u00e3o de fertilizantes, ao mesmo tempo que ajudam na remo\u00e7\u00e3o do carbono.&nbsp;&nbsp;<\/p>\n<p paraeid=\"{38ac8607-a0c7-4c3e-906f-96bf49d210d1}\" paraid=\"587961083\">O biochar \u00e9 um produto s\u00f3lido que se assemelha ao p\u00f3 de carv\u00e3o. \u00c9 obtido por meio da extra\u00e7\u00e3o do carbono contido nos res\u00edduos vegetais, utilizando o processo de pir\u00f3lise (aquecimento \u00e0 alta temperatura na aus\u00eancia de oxig\u00eanio). No caso da NetZero, a mat\u00e9ria-prima \u00e9, neste momento, a palha do caf\u00e9. O biochar estabiliza de forma duradoura o carbono inicialmente capturado pelas plantas na atmosfera durante a fotoss\u00edntese. Este carbono est\u00e1vel \u00e9 colocado no solo para armazen\u00e1-lo longe da atmosfera, e ao faz\u00ea-lo tamb\u00e9m melhora a fertilidade do solo.&nbsp;&nbsp;<\/p>\n<p>Ambos os benef\u00edcios foram reconhecidos extensivamente e s\u00e3o validados pelo Painel Intergovernamental sobre Mudan\u00e7as Clim\u00e1ticas (IPCC) e pela Organiza\u00e7\u00e3o para a Alimenta\u00e7\u00e3o e Agricultura (FAO). Na produ\u00e7\u00e3o de caf\u00e9, fertilizantes s\u00e3o respons\u00e1veis por mais de dois ter\u00e7os das emiss\u00f5es de CO2. Com o uso do biochar, que basta ser aplicado uma \u00fanica vez no solo, <a href=\"https:\/\/www.cambridge.org\/core\/journals\/journal-of-agricultural-science\/article\/abs\/physiological-behaviour-and-nutritional-status-of-coffee-coffea-arabica-l-var-castillo-trees-in-response-to-biochar-application\/5B9F6D693EC9F36549EE71ADB6D168E2\" rel=\"noreferrer noopener\" target=\"_blank\">\u00e9 poss\u00edvel reduzir em 33% a aplica\u00e7\u00e3o dos adubos e, ainda assim, aumentar em 14% a produtividade m\u00e9dia<\/a>.&nbsp;&nbsp;<\/p>\n<p paraeid=\"{38ac8607-a0c7-4c3e-906f-96bf49d210d1}\" paraid=\"1178972186\">A instala\u00e7\u00e3o de Lajinha \u2013 a maior do mundo produzindo biochar a partir de res\u00edduos agr\u00edcolas \u2013 confirma a din\u00e2mica sustentada da NetZero desde a sua funda\u00e7\u00e3o, em 2021. Depois de operar com sucesso na f\u00e1brica-piloto em Camar\u00f5es em 2022, a opera\u00e7\u00e3o de Lajinha \u00e9 a primeira instala\u00e7\u00e3o comercial da NetZero, com grandes melhorias de hardware e software. Mostra o potencial de replicabilidade do modelo da NetZero e confirma a relev\u00e2ncia do biochar para os agricultores.&nbsp;&nbsp;<\/p>\n<p paraeid=\"{38ac8607-a0c7-4c3e-906f-96bf49d210d1}\" paraid=\"2134603281\">Em 2022, a NetZero foi reconhecida como um dos 15 projetos de remo\u00e7\u00e3o de carbono mais promissores do mundo no concurso internacional XPRIZE Carbon Removal, da Funda\u00e7\u00e3o Elon Musk. Outras duas f\u00e1bricas da NetZero ser\u00e3o constru\u00eddas no Brasil em 2023, uma delas em Brejetuba (ES), conforme a sequ\u00eancia do planejamento estrat\u00e9gico da startup para trazer escala ao biochar como uma solu\u00e7\u00e3o clim\u00e1tica e agr\u00edcola.&nbsp;<\/p>\n<p><img decoding=\"async\" src=\"http:\/\/portal.cidadenoar.com.br\/wp-content\/uploads\/sites\/22\/2024\/12\/romeu-zema-visita-primeira-fabrica-comercial-de-biochar-do-brasil.jpg\" alt=\"\" title=\"\"><\/p>\n","protected":false},"excerpt":{"rendered":"","protected":false},"author":1,"featured_media":0,"comment_status":"closed","ping_status":"closed","sticky":false,"template":"","format":"standard","meta":{"footnotes":""},"categories":[1],"tags":[33],"class_list":["post-923","post","type-post","status-publish","format-standard","hentry","category-geral","tag-politica"],"_links":{"self":[{"href":"https:\/\/cidadenoar.com\/global\/wp-json\/wp\/v2\/posts\/923","targetHints":{"allow":["GET"]}}],"collection":[{"href":"https:\/\/cidadenoar.com\/global\/wp-json\/wp\/v2\/posts"}],"about":[{"href":"https:\/\/cidadenoar.com\/global\/wp-json\/wp\/v2\/types\/post"}],"author":[{"embeddable":true,"href":"https:\/\/cidadenoar.com\/global\/wp-json\/wp\/v2\/users\/1"}],"replies":[{"embeddable":true,"href":"https:\/\/cidadenoar.com\/global\/wp-json\/wp\/v2\/comments?post=923"}],"version-history":[{"count":0,"href":"https:\/\/cidadenoar.com\/global\/wp-json\/wp\/v2\/posts\/923\/revisions"}],"wp:attachment":[{"href":"https:\/\/cidadenoar.com\/global\/wp-json\/wp\/v2\/media?parent=923"}],"wp:term":[{"taxonomy":"category","embeddable":true,"href":"https:\/\/cidadenoar.com\/global\/wp-json\/wp\/v2\/categories?post=923"},{"taxonomy":"post_tag","embeddable":true,"href":"https:\/\/cidadenoar.com\/global\/wp-json\/wp\/v2\/tags?post=923"}],"curies":[{"name":"wp","href":"https:\/\/api.w.org\/{rel}","templated":true}]}}