{"id":926,"date":"2023-07-19T00:06:32","date_gmt":"2023-07-19T03:06:32","guid":{"rendered":"https:\/\/cidadenoar.com\/noticia\/34661\/o-brasil-no-comando-do-mercosul"},"modified":"2025-07-26T19:05:29","modified_gmt":"2025-07-26T22:05:29","slug":"o-brasil-no-comando-do-mercosul","status":"publish","type":"post","link":"https:\/\/cidadenoar.com\/global\/geral\/o-brasil-no-comando-do-mercosul\/","title":{"rendered":"O Brasil no comando do Mercosul"},"content":{"rendered":"<div class=\"boxhtml_full\"> <a href=\"34661\/18073312_JOAO-NYEGR.jpg.jpg\" title=\"Cr\u00e9ditos: divulga\u00e7\u00e3o\" data-gallery> <img \/image?src=34661\/18073312_JOAO-NYEGR.jpg.jpg&amp;w=1200&amp;h=630&amp;output=webp\" align=\"left\" class=\"img-responsive\"> <\/a><i>Cr\u00e9ditos: divulga\u00e7\u00e3o<\/i><\/div>\n<p>Criado em 1990 com o objetivo de promover a integra\u00e7\u00e3o econ\u00f4mica e desenvolvimento regional de Argentina, Brasil, Uruguai e Paraguai, o Mercosul, tamb\u00e9m conhecido como Mercado Comum do Sul, n\u00e3o \u00e9 apenas um bloco econ\u00f4mico, mas tamb\u00e9m fruto de um processo de integra\u00e7\u00e3o regional. Entre os principais objetivos est\u00e3o a livre circula\u00e7\u00e3o de bens, servi\u00e7os e fatores produtivos entre os pa\u00edses-membros, assim como a coordena\u00e7\u00e3o de pol\u00edticas macroecon\u00f4micas e a negocia\u00e7\u00e3o conjunta em acordos comerciais com terceiros pa\u00edses ou outros blocos.<\/p>\n<p>Naturalmente, o Brasil \u00e9 o maior membro do acordo, representando a maior economia e o maior mercado consumidor. A Argentina \u00e9 o segundo maior pa\u00eds em termos de economia e com\u00e9rcio dentro do Mercosul. Atualmente, os produtos agr\u00edcolas, como carne bovina, soja e a\u00e7\u00facar est\u00e3o entre os itens mais importantes nas trocas comerciais internas do Mercado Comum.&nbsp;<\/p>\n<p>No entanto, ainda que um dos objetivos declarados do Mercosul seja a integra\u00e7\u00e3o econ\u00f4mica, nota-se uma substancial restri\u00e7\u00e3o \u00e0s exporta\u00e7\u00f5es brasileiras por parte dos nossos principais parceiros comerciais. Segundo um relat\u00f3rio da Confedera\u00e7\u00e3o Nacional da Ind\u00fastria (CNI) apresentado ao governo Lula, aproximadamente 61,4% das exporta\u00e7\u00f5es brasileiras para a Argentina foram impactadas por barreiras comerciais de algum tipo, o que equivale a um impacto de US$ 9,4 bilh\u00f5es num total de US$ 14,3 bilh\u00f5es exportados para o pa\u00eds vizinho em 2022.<\/p>\n<p>H\u00e1 uma grande quantidade de produtos brasileiros que, para entrar na Argentina, sofrem de barreiras t\u00e9cnicas, demora na autoriza\u00e7\u00e3o para a entrada no pa\u00eds e dificuldades em receber o pagamento ap\u00f3s a venda (o governo argentino restringe a compra de d\u00f3lares por pessoas e empresas). Certamente, muito desse cen\u00e1rio deve-se \u00e0 crise cont\u00ednua que a Argentina enfrenta&nbsp; h\u00e1 alguns anos, mas Alberto Fernandez e Lula parecem &#8211; convenientemente &#8211; esquecer dos obst\u00e1culos impostos pela Casa Rosada aos nossos produtos. Desde a elei\u00e7\u00e3o de Lula da Silva, o presidente argentino realizou diversas visitas ao Brasil e chegou a prometer o financiamento de importa\u00e7\u00f5es argentinas de produtos brasileiros. Desde o in\u00edcio de seu mandato, Lula vem criticando severamente organismos internacionais como o Fundo Monet\u00e1rio Internacional (FMI), e buscando defender a Argentina e os repasses financeiros de bancos,como o banco dos BRICs, ao pa\u00eds de Fern\u00e1ndez.&nbsp;<\/p>\n<p>Agora, na reuni\u00e3o dos presidentes do Mercosul \u2013 a primeira desde 2019 com a presen\u00e7a do presidente brasileiro \u2013 o Brasil assume a presid\u00eancia do bloco. A presid\u00eancia \u00e9 exercida de forma rotativa entre os membros, e o Paraguai deve assumi-la em seis meses. Nesse momento, caber\u00e1 a Lula destravar acordos comerciais entre o Mercosul e outros pa\u00edses e blocos, como a Uni\u00e3o Europeia (UE).&nbsp;<\/p>\n<p>Esse \u00faltimo acordo, em especial, levou cerca de 20 anos para ser conclu\u00eddo e tem como objetivo eliminar tarifas e reduzir barreiras n\u00e3o tarif\u00e1rias em uma ampla gama de setores econ\u00f4micos como agricultura, ind\u00fastria, servi\u00e7os, compras governamentais, propriedade intelectual, desenvolvimento sustent\u00e1vel e solu\u00e7\u00e3o de controv\u00e9rsias comerciais. Quando entrar em vigor, ser\u00e1 o maior acordo comercial do mundo e abranger\u00e1 quase 800 milh\u00f5es de consumidores. Apesar das negocia\u00e7\u00f5es terem sido conclu\u00eddas no governo Temer, ainda h\u00e1 muito para que passe a valer. Os europeus, em especial os franceses, est\u00e3o receosos da for\u00e7a do nosso agroneg\u00f3cio, e temem que a for\u00e7a dos latif\u00fandios do Mercosul acabem com as pequenas produ\u00e7\u00f5es europeias. Por isso, a Europa vem criticando tanto as pol\u00edticas ambientais do Mercosul, o que representa uma maneira de atrasar a ratifica\u00e7\u00e3o do acordo nos parlamentos dos pa\u00edses-membros da UE.&nbsp;<\/p>\n<p>Al\u00e9m do avan\u00e7o no acordo de livre com\u00e9rcio entre Mercosul e Uni\u00e3o Europeia, outro desafio que ser\u00e1 enfrentado pelo comando brasileiro \u00e9 a tentativa uruguaia de estabelecer um acordo pr\u00f3prio de livre com\u00e9rcio com a China. Se isso acontecer, ser\u00e1 dif\u00edcil para produtos brasileiros, argentinos e paraguaios serem suficientemente competitivos para entrar no vizinho do sul.&nbsp;<\/p>\n<p>Fato \u00e9 que, com ou sem o Brasil na presid\u00eancia rotativa do Mercosul, h\u00e1 in\u00fameros desafios para o crescimento e a consolida\u00e7\u00e3o do bloco, que n\u00e3o possui nenhum acordo comercial com pa\u00edses entre as 10 maiores economias do mundo. Enquanto Lula insiste que a Venezuela repressiva \u00e9 uma democracia, perde-se a oportunidade de se expandir as fronteiras do nosso com\u00e9rcio n\u00e3o apenas para pa\u00edses verdadeiramente democr\u00e1ticos, mas tamb\u00e9m para na\u00e7\u00f5es que representam uma oportunidade de mercado para nossos produtos.&nbsp;<\/p>\n<p><strong><em>*Jo\u00e3o Alfredo Lopes Nyegray \u00e9 doutor e mestre em Internacionaliza\u00e7\u00e3o e Estrat\u00e9gia. Especialista em Neg\u00f3cios Internacionais. Advogado, graduado em Rela\u00e7\u00f5es Internacionais. Coordenador do curso de Com\u00e9rcio Exterior na Universidade Positivo (UP). Instagram: @janyegray<\/em><\/strong><\/p>\n<p><img decoding=\"async\" src=\"http:\/\/portal.cidadenoar.com.br\/wp-content\/uploads\/sites\/22\/2024\/12\/o-brasil-no-comando-do-mercosul.jpg\" alt=\"\" title=\"\"><\/p>\n","protected":false},"excerpt":{"rendered":"","protected":false},"author":1,"featured_media":0,"comment_status":"closed","ping_status":"closed","sticky":false,"template":"","format":"standard","meta":{"footnotes":""},"categories":[1],"tags":[33],"class_list":["post-926","post","type-post","status-publish","format-standard","hentry","category-geral","tag-politica"],"_links":{"self":[{"href":"https:\/\/cidadenoar.com\/global\/wp-json\/wp\/v2\/posts\/926","targetHints":{"allow":["GET"]}}],"collection":[{"href":"https:\/\/cidadenoar.com\/global\/wp-json\/wp\/v2\/posts"}],"about":[{"href":"https:\/\/cidadenoar.com\/global\/wp-json\/wp\/v2\/types\/post"}],"author":[{"embeddable":true,"href":"https:\/\/cidadenoar.com\/global\/wp-json\/wp\/v2\/users\/1"}],"replies":[{"embeddable":true,"href":"https:\/\/cidadenoar.com\/global\/wp-json\/wp\/v2\/comments?post=926"}],"version-history":[{"count":0,"href":"https:\/\/cidadenoar.com\/global\/wp-json\/wp\/v2\/posts\/926\/revisions"}],"wp:attachment":[{"href":"https:\/\/cidadenoar.com\/global\/wp-json\/wp\/v2\/media?parent=926"}],"wp:term":[{"taxonomy":"category","embeddable":true,"href":"https:\/\/cidadenoar.com\/global\/wp-json\/wp\/v2\/categories?post=926"},{"taxonomy":"post_tag","embeddable":true,"href":"https:\/\/cidadenoar.com\/global\/wp-json\/wp\/v2\/tags?post=926"}],"curies":[{"name":"wp","href":"https:\/\/api.w.org\/{rel}","templated":true}]}}