{"id":957,"date":"2022-12-30T00:06:20","date_gmt":"2022-12-30T03:06:20","guid":{"rendered":"https:\/\/cidadenoar.com\/noticia\/31427\/presidente-do-stf-pede-informacoes-a-bolsonaro-sobre-indulto-natalino"},"modified":"2025-07-26T17:49:44","modified_gmt":"2025-07-26T20:49:44","slug":"presidente-do-stf-pede-informacoes-a-bolsonaro-sobre-indulto-natalino","status":"publish","type":"post","link":"https:\/\/cidadenoar.com\/global\/politica\/presidente-do-stf-pede-informacoes-a-bolsonaro-sobre-indulto-natalino\/","title":{"rendered":"Presidente do STF pede informa\u00e7\u00f5es a Bolsonaro sobre indulto natalino"},"content":{"rendered":"<p><small id=\"v_data\">29\/12\/2022 \u00e0s 21h32min &#8211; Atualizada em 30\/12\/2022 \u00e0s 00h03min<\/small> <\/p>\n<h4>Rosa Weber concedeu 48 horas para que o presidente Jair Bolsonaro e a Advocacia-Geral da Uni\u00e3o se manifestem sobre o decreto.<\/h4>\n<p>agenciabrasil.ebc.com.br\/rss\/justica<\/p>\n<p> <small class=\"small\">https:\/\/agenciabrasil.ebc.com.br\/justica\/noticia\/2022-12\/presidente-do-stf-pede-informacoes-bolsonaro-sobre-indulto-natalino<\/small> <\/p>\n<div id=\"texto_release_format\" readability=\"62.923728813559\">\n<div class=\"boxhtml_medio\"> <a href=\"31427\/capa_4d29ab1054e70b583.jpg\" title data-gallery> <img \/image?src=31427\/capa_4d29ab1054e70b583.jpg&amp;w=1200&amp;h=630&amp;output=webp\" align=\"left\" class=\"img-responsive\"> <\/a><\/div>\n<div class=\"img_ckeditor \"> <img decoding=\"async\" src=\"https:\/\/cdn.jsdelivr.net\/gh\/regiosousa\/ebc-assets@master\/images\/logo-agenciabrasil.svg\" class=\" img-responsive\" alt=\"Logo Ag\u00eancia Brasil\" title=\"\"> <\/p>\n<p><h3 class=\"title_2x\">Logo Ag\u00eancia Brasil<\/h3>\n<\/p><\/div>\n<p>A presidente do Supremo Tribunal Federal (STF), ministra Rosa Weber, concedeu prazo de 48 horas para o presidente Jair Bolsonaro e a Advocacia-Geral da Uni\u00e3o (AGU) se manifestarem sobre o&nbsp;<a href=\"https:\/\/agenciabrasil.ebc.com.br\/politica\/noticia\/2022-12\/decreto-que-concede-indulto-de-natal-e-publicado-no-diario-oficial\" target=\"_blank\" rel=\"noopener\">decreto presidencial de indulto natalino deste ano<\/a>.&nbsp; <\/p>\n<div class=\"img_ckeditor \"> <img decoding=\"async\" src=\"http:\/\/portal.cidadenoar.com.br\/wp-content\/uploads\/sites\/22\/2024\/12\/presidente-do-stf-pede-informacoes-a-bolsonaro-sobre-indulto-natalino.png\" class=\" img-responsive\" alt=\"\" title=\"\"> <\/div>\n<div class=\"img_ckeditor \"> <img decoding=\"async\" src=\"http:\/\/portal.cidadenoar.com.br\/wp-content\/uploads\/sites\/22\/2024\/12\/presidente-do-stf-pede-informacoes-a-bolsonaro-sobre-indulto-natalino.png\" class=\" img-responsive\" alt=\"\" title=\"\"> <\/div>\n<p>A medida foi tomada ap\u00f3s a Procuradoria-Geral da Rep\u00fablica (PGR) entrar, na&nbsp;ter\u00e7a-feira (27), com uma <a href=\"https:\/\/agenciabrasil.ebc.com.br\/justica\/noticia\/2022-12\/pgr-pede-que-stf-suspenda-parte-de-indulto-natalino\" target=\"_blank\" rel=\"noopener\">a\u00e7\u00e3o direta de inconstitucionalidade para questionar dispositivos<\/a> que poderiam beneficiar policiais militares condenados pelo massacre do Carandiru, ocorrido em 1992. \u00c0 \u00e9poca,&nbsp;111 detentos foram mortos na invas\u00e3o da Pol\u00edcia Militar para conter a rebeli\u00e3o no pres\u00eddio do Carandiru, em S\u00e3o Paulo. O indulto significa o perd\u00e3o da pena.&nbsp;<\/p>\n<h3>Not\u00edcias relacionadas:<\/h3>\n<p>Ap\u00f3s receber as manifesta\u00e7\u00f5es, a ministra deve analisar o pedido de suspens\u00e3o parcial do indulto. O pedido de informa\u00e7\u00f5es \u00e9 medida de praxe que antecede a an\u00e1lise de processos.&nbsp;<\/p>\n<p>Ao recorrer ao Supremo para suspender o indulto, o procurador-geral da Rep\u00fablica, Augusto Aras, sustentou que o decreto \u00e9 inconstitucional.&nbsp;<\/p>\n<p>\u201cO artigo 6\u00ba do Decreto 11.302.2022, ao permitir, especificamente no caso do massacre do Carandiru, que os policiais militares condenados sejam beneficiados com o indulto natalino, afronta a dignidade humana e princ\u00edpios basilares e comezinhos do direito internacional p\u00fablico, apresentando-se como afronta \u00e0s decis\u00f5es de \u00f3rg\u00e3os de monitoramento e de controle internacionais relativos a direitos humanos, sendo capaz de ocasionar a responsabiliza\u00e7\u00e3o do Brasil por viola\u00e7\u00f5es a direitos humanos\u201d, afirmou Aras.&nbsp;<\/p>\n<p>N\u00e3o h\u00e1 prazo para julgamento da a\u00e7\u00e3o.&nbsp;<\/p>\n<p><strong>Fonte:<\/strong> https:\/\/agenciabrasil.ebc.com.br\/justica\/noticia\/2022-12\/presidente-do-stf-pede-informacoes-bolsonaro-sobre-indulto-natalino<\/p>\n<\/div>\n<p> <img decoding=\"async\" src=\"http:\/\/portal.cidadenoar.com.br\/wp-content\/uploads\/sites\/22\/2024\/12\/presidente-do-stf-pede-informacoes-a-bolsonaro-sobre-indulto-natalino.jpg\" alt=\"\" title=\"\"><\/p>\n","protected":false},"excerpt":{"rendered":"<p>29\/12\/2022 \u00e0s 21h32min &#8211; Atualizada em 30\/12\/2022 \u00e0s 00h03min Rosa Weber concedeu 48 horas para que o presidente Jair Bolsonaro e a Advocacia-Geral da Uni\u00e3o se manifestem sobre o decreto. agenciabrasil.ebc.com.br\/rss\/justica https:\/\/agenciabrasil.ebc.com.br\/justica\/noticia\/2022-12\/presidente-do-stf-pede-informacoes-bolsonaro-sobre-indulto-natalino<\/p>\n","protected":false},"author":1,"featured_media":0,"comment_status":"closed","ping_status":"closed","sticky":false,"template":"","format":"standard","meta":{"footnotes":""},"categories":[374],"tags":[35],"class_list":["post-957","post","type-post","status-publish","format-standard","hentry","category-politica","tag-seguranca"],"_links":{"self":[{"href":"https:\/\/cidadenoar.com\/global\/wp-json\/wp\/v2\/posts\/957","targetHints":{"allow":["GET"]}}],"collection":[{"href":"https:\/\/cidadenoar.com\/global\/wp-json\/wp\/v2\/posts"}],"about":[{"href":"https:\/\/cidadenoar.com\/global\/wp-json\/wp\/v2\/types\/post"}],"author":[{"embeddable":true,"href":"https:\/\/cidadenoar.com\/global\/wp-json\/wp\/v2\/users\/1"}],"replies":[{"embeddable":true,"href":"https:\/\/cidadenoar.com\/global\/wp-json\/wp\/v2\/comments?post=957"}],"version-history":[{"count":0,"href":"https:\/\/cidadenoar.com\/global\/wp-json\/wp\/v2\/posts\/957\/revisions"}],"wp:attachment":[{"href":"https:\/\/cidadenoar.com\/global\/wp-json\/wp\/v2\/media?parent=957"}],"wp:term":[{"taxonomy":"category","embeddable":true,"href":"https:\/\/cidadenoar.com\/global\/wp-json\/wp\/v2\/categories?post=957"},{"taxonomy":"post_tag","embeddable":true,"href":"https:\/\/cidadenoar.com\/global\/wp-json\/wp\/v2\/tags?post=957"}],"curies":[{"name":"wp","href":"https:\/\/api.w.org\/{rel}","templated":true}]}}