{"id":958,"date":"2022-12-30T00:08:20","date_gmt":"2022-12-30T03:08:20","guid":{"rendered":"https:\/\/cidadenoar.com\/noticia\/31426\/stf-valida-duas-aposentadorias-em-cargos-acumulaveis"},"modified":"2025-07-26T17:49:43","modified_gmt":"2025-07-26T20:49:43","slug":"stf-valida-duas-aposentadorias-em-cargos-acumulaveis","status":"publish","type":"post","link":"https:\/\/cidadenoar.com\/global\/politica\/stf-valida-duas-aposentadorias-em-cargos-acumulaveis\/","title":{"rendered":"STF valida duas aposentadorias em cargos acumul\u00e1veis"},"content":{"rendered":"<p><small id=\"v_data\">29\/12\/2022 \u00e0s 23h02min &#8211; Atualizada em 30\/12\/2022 \u00e0s 00h03min<\/small> <\/p>\n<h4>O caso julgado envolve a vi\u00fava de um m\u00e9dico, que morreu em 1994 e ocupava cargos p\u00fablicos nos minist\u00e9rios do Ex\u00e9rcito e da Sa\u00fade.<\/h4>\n<p>agenciabrasil.ebc.com.br\/rss\/justica<\/p>\n<p> <small class=\"small\">https:\/\/agenciabrasil.ebc.com.br\/justica\/noticia\/2022-12\/stf-valida-duas-aposentadorias-em-cargos-acumulaveis<\/small> <\/p>\n<div id=\"texto_release_format\" readability=\"69.981045376221\">\n<div class=\"boxhtml_medio\"> <a href=\"31426\/capa_221d296c24ea5d7c3.png\" title data-gallery> <img \/image?src=31426\/capa_221d296c24ea5d7c3.png&amp;w=1200&amp;h=630&amp;output=webp\" align=\"left\" class=\"img-responsive\"> <\/a><\/div>\n<div class=\"img_ckeditor \"> <img decoding=\"async\" src=\"https:\/\/cdn.jsdelivr.net\/gh\/regiosousa\/ebc-assets@master\/images\/logo-agenciabrasil.svg\" class=\" img-responsive\" alt=\"Logo Ag\u00eancia Brasil\" title=\"\"> <\/p>\n<p><h3 class=\"title_2x\">Logo Ag\u00eancia Brasil<\/h3>\n<\/p><\/div>\n<p>O plen\u00e1rio do Supremo Tribunal Federal (STF) decidiu validar a acumula\u00e7\u00e3o de aposentadorias e pens\u00f5es nos casos permitidos pela Constitui\u00e7\u00e3o. Pela decis\u00e3o, tomada no dia&nbsp;16 de dezembro&nbsp;deste ano, em casos constitucionalmente acumul\u00e1veis, n\u00e3o se aplica a proibi\u00e7\u00e3o de acumula\u00e7\u00e3o dos benef\u00edcios.&nbsp; <\/p>\n<div class=\"img_ckeditor \"> <img decoding=\"async\" src=\"http:\/\/portal.cidadenoar.com.br\/wp-content\/uploads\/sites\/22\/2024\/12\/stf-valida-duas-aposentadorias-em-cargos-acumulaveis-1.png\" class=\" img-responsive\" alt=\"\" title=\"\"> <\/div>\n<div class=\"img_ckeditor \"> <img decoding=\"async\" src=\"http:\/\/portal.cidadenoar.com.br\/wp-content\/uploads\/sites\/22\/2024\/12\/stf-valida-duas-aposentadorias-em-cargos-acumulaveis-2.png\" class=\" img-responsive\" alt=\"\" title=\"\"> <\/div>\n<p>O caso julgado envolve a vi\u00fava de um m\u00e9dico, que morreu em 1994 e ocupava cargos p\u00fablicos nos minist\u00e9rios do Ex\u00e9rcito e da Sa\u00fade. Durante oito anos, a vi\u00fava recebeu as duas pens\u00f5es, mas teve o pagamento cortado por uma decis\u00e3o do Tribunal de Contas da Uni\u00e3o (TCU) em 2022. Em seguida, os benef\u00edcios foram reativados pela Justi\u00e7a de Santa Catarina, mas o pagamento voltou a ser questionado pela Uni\u00e3o no STF.&nbsp;<\/p>\n<h3>Not\u00edcias relacionadas:<\/h3>\n<p>Ao julgar o caso, os ministros, reunidos em plen\u00e1rio virtual, seguiram voto proferido pelo relator, ministro Dias Toffoli, para quem a Constitui\u00e7\u00e3o permite a acumula\u00e7\u00e3o de dois cargos de profissionais de sa\u00fade.&nbsp;<\/p>\n<p>Com o fim do julgamento, foi estabelecida uma tese que dever\u00e1 ser aplicada nos processos semelhantes que est\u00e3o em tramita\u00e7\u00e3o no Judici\u00e1rio:&nbsp;<\/p>\n<p>\u201cEm se tratando de cargos constitucionalmente acumul\u00e1veis, descabe aplicar a veda\u00e7\u00e3o de acumula\u00e7\u00e3o de aposentadorias e pens\u00f5es contida na parte final do artigo 11 da Emenda Constitucional 20\/98, porquanto destinada apenas aos casos de que trata, ou seja, aos reingressos no servi\u00e7o p\u00fablico por meio de concurso p\u00fablico antes da publica\u00e7\u00e3o da referida emenda e que envolvam cargos inacumul\u00e1veis\u201d.<\/p>\n<p><strong>Fonte:<\/strong> https:\/\/agenciabrasil.ebc.com.br\/justica\/noticia\/2022-12\/stf-valida-duas-aposentadorias-em-cargos-acumulaveis<\/p>\n<\/div>\n<p> <img decoding=\"async\" src=\"http:\/\/portal.cidadenoar.com.br\/wp-content\/uploads\/sites\/22\/2024\/12\/stf-valida-duas-aposentadorias-em-cargos-acumulaveis.png\" alt=\"\" title=\"\"><\/p>\n","protected":false},"excerpt":{"rendered":"<p>29\/12\/2022 \u00e0s 23h02min &#8211; Atualizada em 30\/12\/2022 \u00e0s 00h03min O caso julgado envolve a vi\u00fava de um m\u00e9dico, que morreu em 1994 e ocupava cargos p\u00fablicos nos minist\u00e9rios do Ex\u00e9rcito e da Sa\u00fade. agenciabrasil.ebc.com.br\/rss\/justica https:\/\/agenciabrasil.ebc.com.br\/justica\/noticia\/2022-12\/stf-valida-duas-aposentadorias-em-cargos-acumulaveis<\/p>\n","protected":false},"author":1,"featured_media":0,"comment_status":"closed","ping_status":"closed","sticky":false,"template":"","format":"standard","meta":{"footnotes":""},"categories":[374],"tags":[35],"class_list":["post-958","post","type-post","status-publish","format-standard","hentry","category-politica","tag-seguranca"],"_links":{"self":[{"href":"https:\/\/cidadenoar.com\/global\/wp-json\/wp\/v2\/posts\/958","targetHints":{"allow":["GET"]}}],"collection":[{"href":"https:\/\/cidadenoar.com\/global\/wp-json\/wp\/v2\/posts"}],"about":[{"href":"https:\/\/cidadenoar.com\/global\/wp-json\/wp\/v2\/types\/post"}],"author":[{"embeddable":true,"href":"https:\/\/cidadenoar.com\/global\/wp-json\/wp\/v2\/users\/1"}],"replies":[{"embeddable":true,"href":"https:\/\/cidadenoar.com\/global\/wp-json\/wp\/v2\/comments?post=958"}],"version-history":[{"count":0,"href":"https:\/\/cidadenoar.com\/global\/wp-json\/wp\/v2\/posts\/958\/revisions"}],"wp:attachment":[{"href":"https:\/\/cidadenoar.com\/global\/wp-json\/wp\/v2\/media?parent=958"}],"wp:term":[{"taxonomy":"category","embeddable":true,"href":"https:\/\/cidadenoar.com\/global\/wp-json\/wp\/v2\/categories?post=958"},{"taxonomy":"post_tag","embeddable":true,"href":"https:\/\/cidadenoar.com\/global\/wp-json\/wp\/v2\/tags?post=958"}],"curies":[{"name":"wp","href":"https:\/\/api.w.org\/{rel}","templated":true}]}}