{"id":959,"date":"2022-12-29T00:06:36","date_gmt":"2022-12-29T03:06:36","guid":{"rendered":"https:\/\/cidadenoar.com\/noticia\/31401\/ministro-do-stf-suspende-trechos-da-lei-de-improbidade"},"modified":"2025-07-26T17:49:47","modified_gmt":"2025-07-26T20:49:47","slug":"ministro-do-stf-suspende-trechos-da-lei-de-improbidade","status":"publish","type":"post","link":"https:\/\/cidadenoar.com\/global\/politica\/ministro-do-stf-suspende-trechos-da-lei-de-improbidade\/","title":{"rendered":"Ministro do STF suspende trechos da Lei de Improbidade"},"content":{"rendered":"<p><small id=\"v_data\">27\/12\/2022 \u00e0s 21h51min &#8211; Atualizada em 29\/12\/2022 \u00e0s 00h02min<\/small> <\/p>\n<h4>Decis\u00e3o afeta os dispositivos que tratam da autonomia do Minist\u00e9rio P\u00fablico, das diverg\u00eancias nos tribunais na aplica\u00e7\u00e3o da lei, da perda dos direitos pol\u00edticos e responsabiliza\u00e7\u00e3o administrativa e penal.<\/h4>\n<p>agenciabrasil.ebc.com.br\/rss\/justica<\/p>\n<p> <small class=\"small\">https:\/\/agenciabrasil.ebc.com.br\/justica\/noticia\/2022-12\/ministro-do-stf-suspende-trechos-da-lei-de-improbidade<\/small> <\/p>\n<div id=\"texto_release_format\" readability=\"54.926764314248\">\n<div class=\"boxhtml_medio\"> <a href=\"31401\/capa_0829b55e13c7dac13.jpg\" title data-gallery> <img \/image?src=31401\/capa_0829b55e13c7dac13.jpg&amp;w=1200&amp;h=630&amp;output=webp\" align=\"left\" class=\"img-responsive\"> <\/a><\/div>\n<div class=\"img_ckeditor \"> <img decoding=\"async\" src=\"https:\/\/cdn.jsdelivr.net\/gh\/regiosousa\/ebc-assets@master\/images\/logo-agenciabrasil.svg\" class=\" img-responsive\" alt=\"Logo Ag\u00eancia Brasil\" title=\"\"> <\/p>\n<p><h3 class=\"title_2x\">Logo Ag\u00eancia Brasil<\/h3>\n<\/p><\/div>\n<p>O ministro Alexandre de Moraes, do Supremo Tribunal Federal (STF), decidiu&nbsp;hoje&nbsp;(27) suspender trechos da Lei de Improbidade Administrativa (LIA). A liminar foi motivada por uma a\u00e7\u00e3o direta de inconstitucionalidade protocolada pela Associa\u00e7\u00e3o Nacional dos Membros do Minist\u00e9rio P\u00fablico (Conamp). <\/p>\n<div class=\"img_ckeditor \"> <img decoding=\"async\" src=\"http:\/\/portal.cidadenoar.com.br\/wp-content\/uploads\/sites\/22\/2024\/12\/ministro-do-stf-suspende-trechos-da-lei-de-improbidade.png\" class=\" img-responsive\" alt=\"\" title=\"\"> <\/div>\n<div class=\"img_ckeditor \"> <img decoding=\"async\" src=\"http:\/\/portal.cidadenoar.com.br\/wp-content\/uploads\/sites\/22\/2024\/12\/ministro-do-stf-suspende-trechos-da-lei-de-improbidade.png\" class=\" img-responsive\" alt=\"\" title=\"\"> <\/div>\n<p>A decis\u00e3o afeta os dispositivos que tratam da autonomia do Minist\u00e9rio P\u00fablico, das diverg\u00eancias nos tribunais na aplica\u00e7\u00e3o da lei, da perda dos direitos pol\u00edticos e responsabiliza\u00e7\u00e3o administrativa e penal.&nbsp;<\/p>\n<h3>Not\u00edcias relacionadas:<\/h3>\n<p>Moraes suspendeu o trecho que afasta a improbidade nos casos em que a conduta praticada pelo acusado tiver entendimento controvertido pelos tribunais. O ministro tamb\u00e9m garantiu que a perda da fun\u00e7\u00e3o p\u00fablica ap\u00f3s a condena\u00e7\u00e3o pode ocorrer independentemente do cargo ocupado.&nbsp;<\/p>\n<p>A decis\u00e3o tamb\u00e9m impede o arquivamento de a\u00e7\u00e3o de improbidade ap\u00f3s absolvi\u00e7\u00e3o criminal sobre os mesmos fatos.&nbsp;<\/p>\n<p>A a\u00e7\u00e3o foi protocolada em setembro pela Conamp. Entre os argumentos apresentados, a entidade alegou que as altera\u00e7\u00f5es da Lei 14.230\/2021, que alterou a Lei de Improbidade (Lei 8.429\/1992), usurpou as atribui\u00e7\u00f5es do Minist\u00e9rio P\u00fablico e violou a independ\u00eancia funcional do \u00f3rg\u00e3o.&nbsp;<\/p>\n<p><strong>Fonte:<\/strong> https:\/\/agenciabrasil.ebc.com.br\/justica\/noticia\/2022-12\/ministro-do-stf-suspende-trechos-da-lei-de-improbidade<\/p>\n<\/div>\n<p> <img decoding=\"async\" src=\"http:\/\/portal.cidadenoar.com.br\/wp-content\/uploads\/sites\/22\/2024\/12\/ministro-do-stf-suspende-trechos-da-lei-de-improbidade.jpg\" alt=\"\" title=\"\"><\/p>\n","protected":false},"excerpt":{"rendered":"<p>27\/12\/2022 \u00e0s 21h51min &#8211; Atualizada em 29\/12\/2022 \u00e0s 00h02min Decis\u00e3o afeta os dispositivos que tratam da autonomia do Minist\u00e9rio P\u00fablico, das diverg\u00eancias nos tribunais na aplica\u00e7\u00e3o da lei, da perda dos direitos pol\u00edticos e responsabiliza\u00e7\u00e3o administrativa e penal. agenciabrasil.ebc.com.br\/rss\/justica https:\/\/agenciabrasil.ebc.com.br\/justica\/noticia\/2022-12\/ministro-do-stf-suspende-trechos-da-lei-de-improbidade<\/p>\n","protected":false},"author":1,"featured_media":0,"comment_status":"closed","ping_status":"closed","sticky":false,"template":"","format":"standard","meta":{"footnotes":""},"categories":[374],"tags":[35],"class_list":["post-959","post","type-post","status-publish","format-standard","hentry","category-politica","tag-seguranca"],"_links":{"self":[{"href":"https:\/\/cidadenoar.com\/global\/wp-json\/wp\/v2\/posts\/959","targetHints":{"allow":["GET"]}}],"collection":[{"href":"https:\/\/cidadenoar.com\/global\/wp-json\/wp\/v2\/posts"}],"about":[{"href":"https:\/\/cidadenoar.com\/global\/wp-json\/wp\/v2\/types\/post"}],"author":[{"embeddable":true,"href":"https:\/\/cidadenoar.com\/global\/wp-json\/wp\/v2\/users\/1"}],"replies":[{"embeddable":true,"href":"https:\/\/cidadenoar.com\/global\/wp-json\/wp\/v2\/comments?post=959"}],"version-history":[{"count":0,"href":"https:\/\/cidadenoar.com\/global\/wp-json\/wp\/v2\/posts\/959\/revisions"}],"wp:attachment":[{"href":"https:\/\/cidadenoar.com\/global\/wp-json\/wp\/v2\/media?parent=959"}],"wp:term":[{"taxonomy":"category","embeddable":true,"href":"https:\/\/cidadenoar.com\/global\/wp-json\/wp\/v2\/categories?post=959"},{"taxonomy":"post_tag","embeddable":true,"href":"https:\/\/cidadenoar.com\/global\/wp-json\/wp\/v2\/tags?post=959"}],"curies":[{"name":"wp","href":"https:\/\/api.w.org\/{rel}","templated":true}]}}