{"id":960,"date":"2022-12-27T18:16:17","date_gmt":"2022-12-27T21:16:17","guid":{"rendered":"https:\/\/cidadenoar.com\/noticia\/31361\/stf-estabelece-devolucao-automatica-de-processos-apos-90-dias-de-vista"},"modified":"2025-07-26T17:49:50","modified_gmt":"2025-07-26T20:49:50","slug":"stf-estabelece-devolucao-automatica-de-processos-apos-90-dias-de-vista","status":"publish","type":"post","link":"https:\/\/cidadenoar.com\/global\/politica\/stf-estabelece-devolucao-automatica-de-processos-apos-90-dias-de-vista\/","title":{"rendered":"STF estabelece devolu\u00e7\u00e3o autom\u00e1tica de processos ap\u00f3s 90 dias de vista"},"content":{"rendered":"<p><small id=\"v_data\">27\/12\/2022 \u00e0s 14h21min &#8211; Atualizada em 27\/12\/2022 \u00e0s 18h13min<\/small> <\/p>\n<h4>Segundo o Supremo, a nova reda\u00e7\u00e3o do regimento deve ser publicada em janeiro. Hoje, a regra \u00e9 que os pedidos de vista sejam devolvidos em 30 dias.<\/h4>\n<p>agenciabrasil.ebc.com.br\/rss\/justica<\/p>\n<p> <small class=\"small\">https:\/\/agenciabrasil.ebc.com.br\/justica\/noticia\/2022-12\/stf-estabelece-devolucao-automatica-de-processos-apos-90-dias-de-vista<\/small> <\/p>\n<div id=\"texto_release_format\" readability=\"44.786099137931\">\n<div class=\"boxhtml_medio\"> <a href=\"31361\/capa_8116e5ecaeb596483.jpg\" title data-gallery> <img \/image?src=31361\/capa_8116e5ecaeb596483.jpg&amp;w=1200&amp;h=630&amp;output=webp\" align=\"left\" class=\"img-responsive\"> <\/a><\/div>\n<div id=\"zimbraEditorContainer\" readability=\"35.119116792562\"><\/p>\n<div class=\"img_ckeditor \"> <img decoding=\"async\" src=\"https:\/\/cdn.jsdelivr.net\/gh\/regiosousa\/ebc-assets@master\/images\/logo-agenciabrasil.svg\" class=\" img-responsive\" alt=\"Logo Ag\u00eancia Brasil\" title=\"\"> <\/p>\n<p><h3 class=\"title_2x\">Logo Ag\u00eancia Brasil<\/h3>\n<\/p><\/div>\n<p>O Supremo Tribunal Federal (STF) aprovou uma altera\u00e7\u00e3o em seu regimento interno para estabelecer prazo de 90 dias para a devolu\u00e7\u00e3o de processos a julgamento por ministros que pedem vista \u2013 mais tempo de an\u00e1lise do caso. Ap\u00f3s esse per\u00edodo, o processo ficar\u00e1 automaticamente livre para voltar a ser julgado. <\/p>\n<div class=\"img_ckeditor \"> <img decoding=\"async\" src=\"http:\/\/portal.cidadenoar.com.br\/wp-content\/uploads\/sites\/22\/2024\/12\/stf-estabelece-devolucao-automatica-de-processos-apos-90-dias-de-vista.png\" class=\" img-responsive\" alt=\"\" title=\"\"> <\/div>\n<div class=\"img_ckeditor \"> <img decoding=\"async\" src=\"http:\/\/portal.cidadenoar.com.br\/wp-content\/uploads\/sites\/22\/2024\/12\/stf-estabelece-devolucao-automatica-de-processos-apos-90-dias-de-vista.png\" class=\" img-responsive\" alt=\"\" title=\"\"> <\/div>\n<p>A mudan\u00e7a foi aprovada em sess\u00e3o administrativa virtual, por unanimidade. De acordo com o Supremo, a nova reda\u00e7\u00e3o do regimento deve ser publicada em janeiro. Ap\u00f3s a publica\u00e7\u00e3o da emenda regimental, os processos que j\u00e1 estejam com pedido de vista formulado ser\u00e3o devolvidos para julgamento automaticamente, no mesmo prazo de 90 dias, informou o tribunal.<\/p>\n<h3>Not\u00edcias relacionadas:<\/h3>\n<p><span role=\"link\"><span role=\"link\">Hoje<\/span><\/span>, a regra \u00e9 que os pedidos de vista sejam devolvidos em 30 dias, mas n\u00e3o h\u00e1 nenhuma consequ\u00eancia prevista se esse prazo for desrespeitado. H\u00e1 no STF casos de processos que permanecem anos no gabinete de ministros que pediram vistas.<\/p>\n<h2>Decis\u00f5es monocr\u00e1ticas<\/h2>\n<p>Outra mudan\u00e7a aprovada no regimento do Supremo estabelece que medidas cautelares em casos urgentes sejam submetidas de imediato a referendo dos demais ministros, de prefer\u00eancia em ambiente virtual, que propicia um julgamento mais r\u00e1pido. A exce\u00e7\u00e3o s\u00e3o os casos que envolvem pris\u00e3o, que pela nova regra devem ser julgados presencialmente.<\/p>\n<p>Por \u00faltimo, nos casos de repercuss\u00e3o geral julgados em plen\u00e1rio virtual, foi estabelecido prazo de seis dias para que os demais ministros votem ap\u00f3s a manifesta\u00e7\u00e3o do relator.<\/p>\n<p><\/div>\n<p><strong>Fonte:<\/strong> https:\/\/agenciabrasil.ebc.com.br\/justica\/noticia\/2022-12\/stf-estabelece-devolucao-automatica-de-processos-apos-90-dias-de-vista<\/p>\n<\/div>\n<p> <img decoding=\"async\" src=\"http:\/\/portal.cidadenoar.com.br\/wp-content\/uploads\/sites\/22\/2024\/12\/stf-estabelece-devolucao-automatica-de-processos-apos-90-dias-de-vista.jpg\" alt=\"\" title=\"\"><\/p>\n","protected":false},"excerpt":{"rendered":"<p>27\/12\/2022 \u00e0s 14h21min &#8211; Atualizada em 27\/12\/2022 \u00e0s 18h13min Segundo o Supremo, a nova reda\u00e7\u00e3o do regimento deve ser publicada em janeiro. Hoje, a regra \u00e9 que os pedidos de vista sejam devolvidos em 30 dias. agenciabrasil.ebc.com.br\/rss\/justica https:\/\/agenciabrasil.ebc.com.br\/justica\/noticia\/2022-12\/stf-estabelece-devolucao-automatica-de-processos-apos-90-dias-de-vista<\/p>\n","protected":false},"author":1,"featured_media":0,"comment_status":"closed","ping_status":"closed","sticky":false,"template":"","format":"standard","meta":{"footnotes":""},"categories":[374],"tags":[35],"class_list":["post-960","post","type-post","status-publish","format-standard","hentry","category-politica","tag-seguranca"],"_links":{"self":[{"href":"https:\/\/cidadenoar.com\/global\/wp-json\/wp\/v2\/posts\/960","targetHints":{"allow":["GET"]}}],"collection":[{"href":"https:\/\/cidadenoar.com\/global\/wp-json\/wp\/v2\/posts"}],"about":[{"href":"https:\/\/cidadenoar.com\/global\/wp-json\/wp\/v2\/types\/post"}],"author":[{"embeddable":true,"href":"https:\/\/cidadenoar.com\/global\/wp-json\/wp\/v2\/users\/1"}],"replies":[{"embeddable":true,"href":"https:\/\/cidadenoar.com\/global\/wp-json\/wp\/v2\/comments?post=960"}],"version-history":[{"count":0,"href":"https:\/\/cidadenoar.com\/global\/wp-json\/wp\/v2\/posts\/960\/revisions"}],"wp:attachment":[{"href":"https:\/\/cidadenoar.com\/global\/wp-json\/wp\/v2\/media?parent=960"}],"wp:term":[{"taxonomy":"category","embeddable":true,"href":"https:\/\/cidadenoar.com\/global\/wp-json\/wp\/v2\/categories?post=960"},{"taxonomy":"post_tag","embeddable":true,"href":"https:\/\/cidadenoar.com\/global\/wp-json\/wp\/v2\/tags?post=960"}],"curies":[{"name":"wp","href":"https:\/\/api.w.org\/{rel}","templated":true}]}}