{"id":961,"date":"2022-12-27T18:18:17","date_gmt":"2022-12-27T21:18:17","guid":{"rendered":"https:\/\/cidadenoar.com\/noticia\/31360\/pgr-pede-que-stf-suspenda-parte-de-indulto-natalino"},"modified":"2025-07-26T17:49:49","modified_gmt":"2025-07-26T20:49:49","slug":"pgr-pede-que-stf-suspenda-parte-de-indulto-natalino","status":"publish","type":"post","link":"https:\/\/cidadenoar.com\/global\/politica\/pgr-pede-que-stf-suspenda-parte-de-indulto-natalino\/","title":{"rendered":"PGR pede que STF suspenda parte de indulto natalino"},"content":{"rendered":"<p><small id=\"v_data\">27\/12\/2022 \u00e0s 18h01min &#8211; Atualizada em 27\/12\/2022 \u00e0s 18h13min<\/small> <\/p>\n<h4>O procurador-geral da Rep\u00fablica, Augusto Aras, sustenta que parte do decreto \u00e9 inconstitucional por perdoar as penas e extinguir as condena\u00e7\u00f5es dos policiais militares culpados pelo caso conhecido como Massacre do Carandiru.<\/h4>\n<p>agenciabrasil.ebc.com.br\/rss\/justica<\/p>\n<p> <small class=\"small\">https:\/\/agenciabrasil.ebc.com.br\/justica\/noticia\/2022-12\/pgr-pede-que-stf-suspenda-parte-de-indulto-natalino<\/small> <\/p>\n<div id=\"texto_release_format\" readability=\"68.13922356091\">\n<div class=\"boxhtml_medio\"> <a href=\"31360\/capa_75f0d318cc2a26b83.jpg\" title data-gallery> <img \/image?src=31360\/capa_75f0d318cc2a26b83.jpg&amp;w=1200&amp;h=630&amp;output=webp\" align=\"left\" class=\"img-responsive\"> <\/a><\/div>\n<div class=\"img_ckeditor \"> <img decoding=\"async\" src=\"https:\/\/cdn.jsdelivr.net\/gh\/regiosousa\/ebc-assets@master\/images\/logo-agenciabrasil.svg\" class=\" img-responsive\" alt=\"Logo Ag\u00eancia Brasil\" title=\"\"> <\/p>\n<p><h3 class=\"title_2x\">Logo Ag\u00eancia Brasil<\/h3>\n<\/p><\/div>\n<p>O procurador-geral da Rep\u00fablica, Augusto Aras, entrou&nbsp;hoje&nbsp;(27) no Supremo Tribunal Federal (STF) com uma a\u00e7\u00e3o direta de inconstitucionalidade para questionar dispositivos do <a href=\"https:\/\/agenciabrasil.ebc.com.br\/politica\/noticia\/2022-12\/decreto-que-concede-indulto-de-natal-e-publicado-no-diario-oficial\" target=\"_blank\" rel=\"noopener\">decreto de indulto natalino assinado pelo presidente Jair Bolsonaro<\/a>.&nbsp; <\/p>\n<div class=\"img_ckeditor \"> <img decoding=\"async\" src=\"http:\/\/portal.cidadenoar.com.br\/wp-content\/uploads\/sites\/22\/2024\/12\/pgr-pede-que-stf-suspenda-parte-de-indulto-natalino.png\" class=\" img-responsive\" alt=\"\" title=\"\"> <\/div>\n<div class=\"img_ckeditor \"> <img decoding=\"async\" src=\"http:\/\/portal.cidadenoar.com.br\/wp-content\/uploads\/sites\/22\/2024\/12\/pgr-pede-que-stf-suspenda-parte-de-indulto-natalino.png\" class=\" img-responsive\" alt=\"\" title=\"\"> <\/div>\n<p>Na a\u00e7\u00e3o, Aras sustenta que parte do decreto \u00e9 inconstitucional por beneficiar agentes de seguran\u00e7a p\u00fablica que estiveram envolvidos no caso do Massacre do Carandiru, ocorrido em 1992. \u00c0 \u00e9poca,&nbsp;111 detentos foram mortos na invas\u00e3o da Pol\u00edcia Militar para conter a rebeli\u00e3o no pres\u00eddio do Carandiru, em S\u00e3o Paulo. O indulto de natal foi publicado na \u00faltima sexta-feira (23) e&nbsp;concede o perd\u00e3o da pena \u00e0queles que se encaixam nos crit\u00e9rios estabelecidos no decreto.&nbsp;<\/p>\n<h3>Not\u00edcias relacionadas:<\/h3>\n<p>\u201cO artigo 6\u00ba do Decreto 11.302.2022, ao permitir, especificamente no caso do massacre do Carandiru, que os policiais militares condenados sejam beneficiados com o indulto natalino, afronta a dignidade humana e princ\u00edpios basilares e comezinhos do direito internacional p\u00fablico, apresentando-se como afronta \u00e0s decis\u00f5es de \u00f3rg\u00e3os de monitoramento e de controle internacionais relativos a direitos humanos, sendo capaz de ocasionar a responsabiliza\u00e7\u00e3o do Brasil por viola\u00e7\u00f5es a direitos humanos\u201d, afirma Aras.&nbsp;<\/p>\n<h2>Indulto fere direito internacional<\/h2>\n<p>O procurador argumenta ainda que regras de direito internacional pro\u00edbem a aplica\u00e7\u00e3o de indulto a pessoas envolvidas na pr\u00e1tica de crimes de lesa-humanidade.<\/p>\n<p>\u201cIndultar graves viola\u00e7\u00f5es de direitos humanos consubstanciadas em crimes de lesa-humanidade significa ignorar direitos inerentes ao ser humano, como os direitos \u00e0 vida e \u00e0 integridade f\u00edsica, indo na contram\u00e3o do processo evolutivo dos direitos fundamentais plasmados na ordem jur\u00eddica interna e internacional\u201d, concluiu o procurador.&nbsp;<\/p>\n<p>Devido ao per\u00edodo de recesso na Corte, a a\u00e7\u00e3o pode ser analisada pela presidente do STF, ministra Rosa Weber. N\u00e3o h\u00e1 prazo para decis\u00e3o.&nbsp;<\/p>\n<p><strong>Fonte:<\/strong> https:\/\/agenciabrasil.ebc.com.br\/justica\/noticia\/2022-12\/pgr-pede-que-stf-suspenda-parte-de-indulto-natalino<\/p>\n<\/div>\n<p> <img decoding=\"async\" src=\"31360\/capa_75f0d318cc2a26b83.jpg\" alt=\"\" title=\"\"><\/p>\n","protected":false},"excerpt":{"rendered":"<p>27\/12\/2022 \u00e0s 18h01min &#8211; Atualizada em 27\/12\/2022 \u00e0s 18h13min O procurador-geral da Rep\u00fablica, Augusto Aras, sustenta que parte do decreto \u00e9 inconstitucional por perdoar as penas e extinguir as condena\u00e7\u00f5es dos policiais militares culpados pelo caso conhecido como Massacre do Carandiru. agenciabrasil.ebc.com.br\/rss\/justica https:\/\/agenciabrasil.ebc.com.br\/justica\/noticia\/2022-12\/pgr-pede-que-stf-suspenda-parte-de-indulto-natalino<\/p>\n","protected":false},"author":1,"featured_media":0,"comment_status":"closed","ping_status":"closed","sticky":false,"template":"","format":"standard","meta":{"footnotes":""},"categories":[374],"tags":[35],"class_list":["post-961","post","type-post","status-publish","format-standard","hentry","category-politica","tag-seguranca"],"_links":{"self":[{"href":"https:\/\/cidadenoar.com\/global\/wp-json\/wp\/v2\/posts\/961","targetHints":{"allow":["GET"]}}],"collection":[{"href":"https:\/\/cidadenoar.com\/global\/wp-json\/wp\/v2\/posts"}],"about":[{"href":"https:\/\/cidadenoar.com\/global\/wp-json\/wp\/v2\/types\/post"}],"author":[{"embeddable":true,"href":"https:\/\/cidadenoar.com\/global\/wp-json\/wp\/v2\/users\/1"}],"replies":[{"embeddable":true,"href":"https:\/\/cidadenoar.com\/global\/wp-json\/wp\/v2\/comments?post=961"}],"version-history":[{"count":0,"href":"https:\/\/cidadenoar.com\/global\/wp-json\/wp\/v2\/posts\/961\/revisions"}],"wp:attachment":[{"href":"https:\/\/cidadenoar.com\/global\/wp-json\/wp\/v2\/media?parent=961"}],"wp:term":[{"taxonomy":"category","embeddable":true,"href":"https:\/\/cidadenoar.com\/global\/wp-json\/wp\/v2\/categories?post=961"},{"taxonomy":"post_tag","embeddable":true,"href":"https:\/\/cidadenoar.com\/global\/wp-json\/wp\/v2\/tags?post=961"}],"curies":[{"name":"wp","href":"https:\/\/api.w.org\/{rel}","templated":true}]}}