{"id":962,"date":"2022-12-24T00:04:18","date_gmt":"2022-12-24T03:04:18","guid":{"rendered":"https:\/\/cidadenoar.com\/noticia\/31302\/cinco-municipios-terao-eleicoes-suplementares-no-inicio-de-2023"},"modified":"2025-07-26T17:49:53","modified_gmt":"2025-07-26T20:49:53","slug":"cinco-municipios-terao-eleicoes-suplementares-no-inicio-de-2023","status":"publish","type":"post","link":"https:\/\/cidadenoar.com\/global\/politica\/cinco-municipios-terao-eleicoes-suplementares-no-inicio-de-2023\/","title":{"rendered":"Cinco munic\u00edpios ter\u00e3o elei\u00e7\u00f5es suplementares no in\u00edcio de 2023"},"content":{"rendered":"<p><small id=\"v_data\">23\/12\/2022 \u00e0s 11h56min &#8211; Atualizada em 24\/12\/2022 \u00e0s 00h03min<\/small> <\/p>\n<h4>Em 5 de fevereiro haver\u00e1 elei\u00e7\u00e3o nos munic\u00edpios cearenses de Palhano, Iguatu e Pacuj\u00e1; e em Viseu, no Par\u00e1. J\u00e1 em Ipangua\u00e7u, no Rio Grande do Norte, o pleito ser\u00e1 em 5 de mar\u00e7o.<\/h4>\n<p>agenciabrasil.ebc.com.br\/rss\/justica<\/p>\n<p> <small class=\"small\">https:\/\/agenciabrasil.ebc.com.br\/justica\/noticia\/2022-12\/cinco-municipios-terao-eleicoes-suplementares-no-inicio-de-2023<\/small> <\/p>\n<div id=\"texto_release_format\" readability=\"69.578038674033\">\n<div class=\"boxhtml_medio\"> <a href=\"31302\/capa_355605d1723ad2a73.jpg\" title data-gallery> <img \/image?src=31302\/capa_355605d1723ad2a73.jpg&amp;w=1200&amp;h=630&amp;output=webp\" align=\"left\" class=\"img-responsive\"> <\/a><\/div>\n<p>Cinco munic\u00edpios brasileiros, nos estados do Rio Grande do Norte, Cear\u00e1 e Par\u00e1, ter\u00e3o elei\u00e7\u00f5es suplementares no in\u00edcio de 2023, ap\u00f3s os prefeitos eleitos em 2020 terem perdido o mandato devido a cassa\u00e7\u00f5es determinadas pela Justi\u00e7a Eleitoral. <\/p>\n<div class=\"img_ckeditor \"> <img decoding=\"async\" src=\"http:\/\/portal.cidadenoar.com.br\/wp-content\/uploads\/sites\/22\/2024\/12\/cinco-municipios-terao-eleicoes-suplementares-no-inicio-de-2023.png\" class=\" img-responsive\" alt=\"\" title=\"\"> <\/div>\n<div class=\"img_ckeditor \"> <img decoding=\"async\" src=\"http:\/\/portal.cidadenoar.com.br\/wp-content\/uploads\/sites\/22\/2024\/12\/cinco-municipios-terao-eleicoes-suplementares-no-inicio-de-2023.png\" class=\" img-responsive\" alt=\"\" title=\"\"> <\/div>\n<p>Segundo o Tribunal Superior Eleitoral, os novos eleitos ocupar\u00e3o o cargo at\u00e9 o dia 31 de dezembro de 2024.<\/p>\n<p>As elei\u00e7\u00f5es suplementares ocorrer\u00e3o em 5 de fevereiro nos munic\u00edpios cearenses de Palhano, Iguatu e Pacuj\u00e1; e em Viseu, no Par\u00e1. J\u00e1 Ipangua\u00e7u, no Rio Grande do Norte, o pleito ser\u00e1 em 5 de mar\u00e7o.<\/p>\n<p>\u201cOs Tribunais Regionais Eleitorais devem marcar a data de acordo com os per\u00edodos predefinidos pela portaria do TSE. Os interessados podem conferir os dias no Calend\u00e1rio das Elei\u00e7\u00f5es Suplementares 2023, dispon\u00edvel no <em>site<\/em> da Corte Eleitoral ou do TRE do respectivo estado\u201d, informou em nota a Justi\u00e7a Eleitoral.<\/p>\n<p>De acordo com a <a href=\"https:\/\/www.tse.jus.br\/legislacao\/compilada\/prt\/2022\/portaria-no-1006-de-14-de-outubro-de-2022\" target=\"_blank\" rel=\"noopener\">Portaria N\u00ba 1006\/2022 do TSE<\/a>, de 14 de outubro de 2022, os pleitos podem ser agendados para 15 de janeiro; 5 de fevereiro; 5 de mar\u00e7o; 2 de abril; 7 de maio; 4 de junho; 2 de julho; 6 de agosto; 3 de setembro; 1\u00ba de outubro; 12 de novembro; ou 3 de dezembro.<\/p>\n<p>As elei\u00e7\u00f5es suplementares ter\u00e3o in\u00edcio \u00e0s 8h e terminam \u00e0s 17h, no hor\u00e1rio local. Em 2022, 28 munic\u00edpios brasileiros tiveram elei\u00e7\u00f5es suplementares.<\/p>\n<p><strong>Fonte:<\/strong> https:\/\/agenciabrasil.ebc.com.br\/justica\/noticia\/2022-12\/cinco-municipios-terao-eleicoes-suplementares-no-inicio-de-2023<\/p>\n<\/div>\n<p> <img decoding=\"async\" src=\"http:\/\/portal.cidadenoar.com.br\/wp-content\/uploads\/sites\/22\/2024\/12\/cinco-municipios-terao-eleicoes-suplementares-no-inicio-de-2023.jpg\" alt=\"\" title=\"\"><\/p>\n","protected":false},"excerpt":{"rendered":"<p>23\/12\/2022 \u00e0s 11h56min &#8211; Atualizada em 24\/12\/2022 \u00e0s 00h03min Em 5 de fevereiro haver\u00e1 elei\u00e7\u00e3o nos munic\u00edpios cearenses de Palhano, Iguatu e Pacuj\u00e1; e em Viseu, no Par\u00e1. J\u00e1 em Ipangua\u00e7u, no Rio Grande do Norte, o pleito ser\u00e1 em 5 de mar\u00e7o. agenciabrasil.ebc.com.br\/rss\/justica https:\/\/agenciabrasil.ebc.com.br\/justica\/noticia\/2022-12\/cinco-municipios-terao-eleicoes-suplementares-no-inicio-de-2023<\/p>\n","protected":false},"author":1,"featured_media":0,"comment_status":"closed","ping_status":"closed","sticky":false,"template":"","format":"standard","meta":{"footnotes":""},"categories":[374],"tags":[35],"class_list":["post-962","post","type-post","status-publish","format-standard","hentry","category-politica","tag-seguranca"],"_links":{"self":[{"href":"https:\/\/cidadenoar.com\/global\/wp-json\/wp\/v2\/posts\/962","targetHints":{"allow":["GET"]}}],"collection":[{"href":"https:\/\/cidadenoar.com\/global\/wp-json\/wp\/v2\/posts"}],"about":[{"href":"https:\/\/cidadenoar.com\/global\/wp-json\/wp\/v2\/types\/post"}],"author":[{"embeddable":true,"href":"https:\/\/cidadenoar.com\/global\/wp-json\/wp\/v2\/users\/1"}],"replies":[{"embeddable":true,"href":"https:\/\/cidadenoar.com\/global\/wp-json\/wp\/v2\/comments?post=962"}],"version-history":[{"count":0,"href":"https:\/\/cidadenoar.com\/global\/wp-json\/wp\/v2\/posts\/962\/revisions"}],"wp:attachment":[{"href":"https:\/\/cidadenoar.com\/global\/wp-json\/wp\/v2\/media?parent=962"}],"wp:term":[{"taxonomy":"category","embeddable":true,"href":"https:\/\/cidadenoar.com\/global\/wp-json\/wp\/v2\/categories?post=962"},{"taxonomy":"post_tag","embeddable":true,"href":"https:\/\/cidadenoar.com\/global\/wp-json\/wp\/v2\/tags?post=962"}],"curies":[{"name":"wp","href":"https:\/\/api.w.org\/{rel}","templated":true}]}}