{"id":964,"date":"2022-12-23T00:06:15","date_gmt":"2022-12-23T03:06:15","guid":{"rendered":"https:\/\/cidadenoar.com\/noticia\/31279\/mprj-quer-elevar-pena-da-ex-deputada-flordelis"},"modified":"2025-07-26T17:49:55","modified_gmt":"2025-07-26T20:49:55","slug":"mprj-quer-elevar-pena-da-ex-deputada-flordelis","status":"publish","type":"post","link":"https:\/\/cidadenoar.com\/global\/politica\/mprj-quer-elevar-pena-da-ex-deputada-flordelis\/","title":{"rendered":"MPRJ quer elevar pena da ex-deputada Flordelis"},"content":{"rendered":"<div class=\"boxhtml_medio\"> <a href=\"31279\/capa_11a311d24449d2e93.png\" title data-gallery> <img \/image?src=31279\/capa_11a311d24449d2e93.png&amp;w=1200&amp;h=630&amp;output=webp\" align=\"left\" class=\"img-responsive\"> <\/a><\/div>\n<div class=\"img_ckeditor \"> <img decoding=\"async\" src=\"https:\/\/cdn.jsdelivr.net\/gh\/regiosousa\/ebc-assets@master\/images\/logo-agenciabrasil.svg\" class=\" img-responsive\" alt=\"Logo Ag\u00eancia Brasil\" title=\"\"> <\/p>\n<p><h3 class=\"title_2x\">Logo Ag\u00eancia Brasil<\/h3>\n<\/p><\/div>\n<p>O Minist\u00e9rio P\u00fablico do Estado do Rio de Janeiro (MPRJ) apresentou recurso \u00e0 Justi\u00e7a para anular as absolvi\u00e7\u00f5es de Rayane dos Santos, Marzy Teixeira e Andr\u00e9 Luiz de Oliveira das acusa\u00e7\u00f5es de envolvimento no assassinato do pastor Anderson do Carmo, ocorrido na madrugada de 16 de junho de 2019. Tamb\u00e9m \u00e9 pedido um novo julgamento dos tr\u00eas perante o Tribunal do J\u00fari, por entender que a decis\u00e3o de absolv\u00ea-los \u201c\u00e9 manifestamente contr\u00e1ria \u00e0 prova dos autos\u201d. <\/p>\n<div class=\"img_ckeditor \"> <img decoding=\"async\" src=\"http:\/\/portal.cidadenoar.com.br\/wp-content\/uploads\/sites\/22\/2024\/12\/mprj-quer-elevar-pena-da-ex-deputada-flordelis-1.png\" class=\" img-responsive\" alt=\"\" title=\"\"> <\/div>\n<div class=\"img_ckeditor \"> <img decoding=\"async\" src=\"http:\/\/portal.cidadenoar.com.br\/wp-content\/uploads\/sites\/22\/2024\/12\/mprj-quer-elevar-pena-da-ex-deputada-flordelis-2.png\" class=\" img-responsive\" alt=\"\" title=\"\"> <\/div>\n<p>No mesmo recurso, o MPRJ pede que sejam elevadas as penas da ex-deputada Flordelis dos Santos e de sua filha Simone dos Santos, j\u00e1 condenadas.&nbsp;<\/p>\n<h3>Not\u00edcias relacionadas:<\/h3>\n<p>Anderson do Carmo foi morto a tiros pelo filho biol\u00f3gico da ex-deputada, Fl\u00e1vio dos Santos Rodrigues, na resid\u00eancia da fam\u00edlia, situada no bairro Badu, em Pendotiba, Niter\u00f3i, munic\u00edpio da regi\u00e3o metropolitana do Rio de Janeiro.<\/p>\n<p>De acordo com o recurso, as absolvi\u00e7\u00f5es de Rayane, Andr\u00e9 e Marzy s\u00e3o totalmente dissonantes das provas dos autos, devendo ser anuladas, a fim de que os acusados sejam submetidos a novo julgamento. O MPRJ demonstra que, dentro da divis\u00e3o de tarefas estabelecida na associa\u00e7\u00e3o criminosa, Marzy e Rayane auxiliaram Flordelis no planejamento do crime e no convencimento dos filhos Fl\u00e1vio e Lucas, j\u00e1 condenados, a executar e participar do assassinato.&nbsp;<\/p>\n<p>Marzy e Andr\u00e9, por sua vez, ainda participaram da tentativa de homic\u00eddio de Anderson do Carmo por envenenamento, tendo colocado subst\u00e2ncia t\u00f3xica dissimuladamente nas comidas e bebidas da v\u00edtima, al\u00e9m de incentivarem a pr\u00e1tica do crime e ajudarem na escolha e aquisi\u00e7\u00e3o dos venenos.<\/p>\n<p>Flordelis foi condenada no dia 13 de novembro deste ano a uma pena total de 50 anos e 28 dias de reclus\u00e3o por homic\u00eddio triplamente qualificado, tentativa de homic\u00eddio duplamente qualificado, al\u00e9m uso de documento falso e associa\u00e7\u00e3o criminosa armada. O j\u00fari popular tamb\u00e9m condenou a filha biol\u00f3gica da ex-deputada, Simone dos Santos, a 31 anos e 4 meses de pris\u00e3o, por homic\u00eddio triplamente qualificado, tentativa de homic\u00eddio duplamente qualificado e associa\u00e7\u00e3o criminosa armada.&nbsp;<\/p>\n<p>Os outros tr\u00eas acusados, Rayane dos Santos, neta biol\u00f3gica da ex-deputada, Marzy Teixeira e Andr\u00e9 Luiz de Oliveira, filhos adotivos de Flordelis, foram absolvidos.<\/p>\n<p><strong>Fonte:<\/strong> https:\/\/agenciabrasil.ebc.com.br\/justica\/noticia\/2022-12\/mprj-quer-elevar-pena-da-ex-deputada-flordelis<\/p>\n<p><img decoding=\"async\" src=\"http:\/\/portal.cidadenoar.com.br\/wp-content\/uploads\/sites\/22\/2024\/12\/mprj-quer-elevar-pena-da-ex-deputada-flordelis.png\" alt=\"\" title=\"\"><\/p>\n","protected":false},"excerpt":{"rendered":"","protected":false},"author":1,"featured_media":0,"comment_status":"closed","ping_status":"closed","sticky":false,"template":"","format":"standard","meta":{"footnotes":""},"categories":[374],"tags":[35],"class_list":["post-964","post","type-post","status-publish","format-standard","hentry","category-politica","tag-seguranca"],"_links":{"self":[{"href":"https:\/\/cidadenoar.com\/global\/wp-json\/wp\/v2\/posts\/964","targetHints":{"allow":["GET"]}}],"collection":[{"href":"https:\/\/cidadenoar.com\/global\/wp-json\/wp\/v2\/posts"}],"about":[{"href":"https:\/\/cidadenoar.com\/global\/wp-json\/wp\/v2\/types\/post"}],"author":[{"embeddable":true,"href":"https:\/\/cidadenoar.com\/global\/wp-json\/wp\/v2\/users\/1"}],"replies":[{"embeddable":true,"href":"https:\/\/cidadenoar.com\/global\/wp-json\/wp\/v2\/comments?post=964"}],"version-history":[{"count":0,"href":"https:\/\/cidadenoar.com\/global\/wp-json\/wp\/v2\/posts\/964\/revisions"}],"wp:attachment":[{"href":"https:\/\/cidadenoar.com\/global\/wp-json\/wp\/v2\/media?parent=964"}],"wp:term":[{"taxonomy":"category","embeddable":true,"href":"https:\/\/cidadenoar.com\/global\/wp-json\/wp\/v2\/categories?post=964"},{"taxonomy":"post_tag","embeddable":true,"href":"https:\/\/cidadenoar.com\/global\/wp-json\/wp\/v2\/tags?post=964"}],"curies":[{"name":"wp","href":"https:\/\/api.w.org\/{rel}","templated":true}]}}