{"id":966,"date":"2022-12-21T00:03:38","date_gmt":"2022-12-21T03:03:38","guid":{"rendered":"https:\/\/cidadenoar.com\/noticia\/31237\/diretor-geral-da-prf-e-exonerado-do-cargo"},"modified":"2025-07-26T17:49:58","modified_gmt":"2025-07-26T20:49:58","slug":"diretor-geral-da-prf-e-exonerado-do-cargo","status":"publish","type":"post","link":"https:\/\/cidadenoar.com\/global\/politica\/diretor-geral-da-prf-e-exonerado-do-cargo\/","title":{"rendered":"Diretor-geral da PRF \u00e9 exonerado do cargo"},"content":{"rendered":"<p><small id=\"v_data\">20\/12\/2022 \u00e0s 12h33min &#8211; Atualizada em 21\/12\/2022 \u00e0s 00h02min<\/small> <\/p>\n<h4>Em novembro, Vasques virou r\u00e9u por improbidade administrativa, acusado de fazer campanha para Bolsonaro durante a disputa presidencial deste ano, entre agosto e outubro.<\/h4>\n<p>agenciabrasil.ebc.com.br\/rss\/justica<\/p>\n<p> <small class=\"small\">https:\/\/agenciabrasil.ebc.com.br\/justica\/noticia\/2022-12\/diretor-geral-da-prf-e-exonerado-do-cargo<\/small> <\/p>\n<div id=\"texto_release_format\" readability=\"52.081761006289\">\n<div class=\"boxhtml_medio\"> <a href=\"31237\/capa_a5f8e658063134683.jpg\" title data-gallery> <img \/image?src=31237\/capa_a5f8e658063134683.jpg&amp;w=1200&amp;h=630&amp;output=webp\" align=\"left\" class=\"img-responsive\"> <\/a><\/div>\n<div class=\"img_ckeditor \"> <img decoding=\"async\" src=\"https:\/\/cdn.jsdelivr.net\/gh\/regiosousa\/ebc-assets@master\/images\/logo-agenciabrasil.svg\" class=\" img-responsive\" alt=\"Logo Ag\u00eancia Brasil\" title=\"\"> <\/p>\n<p><h3 class=\"title_2x\">Logo Ag\u00eancia Brasil<\/h3>\n<\/p><\/div>\n<p>O presidente Jair Bolsonaro exonerou hoje (20) o diretor-geral da Pol\u00edcia Rodovi\u00e1ria Federal (PRF), Silvinei Vasques.<\/p>\n<p>A <a href=\"https:\/\/www.in.gov.br\/web\/dou\/-\/portarias-de-19-de-dezembro-de-2022-451630075\" target=\"_blank\" rel=\"noopener\">portaria<\/a> de dispensa, assinada pelo ministro Ciro Nogueira, chefe da Casa Civil da Presid\u00eancia da Rep\u00fablica, foi publicada na edi\u00e7\u00e3o desta ter\u00e7a-feira (20) do <em>Di\u00e1rio Oficial da Uni\u00e3o.<\/em> <\/p>\n<div class=\"img_ckeditor \"> <img decoding=\"async\" src=\"http:\/\/portal.cidadenoar.com.br\/wp-content\/uploads\/sites\/22\/2024\/12\/diretor-geral-da-prf-e-exonerado-do-cargo.png\" class=\" img-responsive\" alt=\"\" title=\"\"> <\/div>\n<div class=\"img_ckeditor \"> <img decoding=\"async\" src=\"http:\/\/portal.cidadenoar.com.br\/wp-content\/uploads\/sites\/22\/2024\/12\/diretor-geral-da-prf-e-exonerado-do-cargo.png\" class=\" img-responsive\" alt=\"\" title=\"\"> <\/div>\n<p>Em novembro, Vasques <a href=\"https:\/\/agenciabrasil.ebc.com.br\/geral\/noticia\/2022-11\/diretor-geral-da-prf-vira-reu-por-improbidade-administrativa\" target=\"_blank\" rel=\"noopener\">virou r\u00e9u <\/a>por improbidade administrativa, acusado de fazer campanha para Bolsonaro durante a disputa presidencial deste ano, entre agosto e outubro. Na ocasi\u00e3o, o Minist\u00e9rio P\u00fablico Federal (MPF) <a href=\"https:\/\/agenciabrasil.ebc.com.br\/justica\/noticia\/2022-11\/mpf-pede-afastamento-imediato-de-diretor-geral-da-prf\" target=\"_blank\" rel=\"noopener\">pediu o afastamento imediato <\/a>de Silvinei Vasques do cargo.<\/p>\n<h3>Not\u00edcias relacionadas:<\/h3>\n<p>Vasques tamb\u00e9m \u00e9 <a href=\"https:\/\/agenciabrasil.ebc.com.br\/geral\/noticia\/2022-11\/policia-federal-vai-investigar-conduta-do-diretor-geral-da-prf\" target=\"_blank\" rel=\"noopener\">investigado pela Pol\u00edcia Federal <\/a>por suposta omiss\u00e3o para impedir os bloqueios nas estradas federais ap\u00f3s as elei\u00e7\u00f5es e demora para agir na dissolu\u00e7\u00e3o das manifesta\u00e7\u00f5es. Al\u00e9m disso, teria montado barreiras durante a vota\u00e7\u00e3o do segundo turno, especialmente em rodovias do Nordeste, para abordar \u00f4nibus com eleitores, <a href=\"https:\/\/agenciabrasil.ebc.com.br\/justica\/noticia\/2022-10\/moraes-proibe-operacoes-que-afetem-transporte-publico\" target=\"_blank\" rel=\"noopener\">descumprindo decis\u00e3o <\/a>do Tribunal Superior Eleitoral (TSE).<\/p>\n<p>Diretores da Pol\u00edcia Rodovi\u00e1ria Federal <a href=\"https:\/\/agenciabrasil.ebc.com.br\/justica\/noticia\/2022-10\/moraes-proibe-operacoes-que-afetem-transporte-publico\" target=\"_blank\" rel=\"noopener\">negaram falta de a\u00e7\u00e3o do \u00f3rg\u00e3o<\/a> para impedir que manifestantes insatisfeitas com a derrota eleitoral de Bolsonaro interditassem o tr\u00e1fego de ve\u00edculos em trechos de algumas das principais rodovias federais do pa\u00eds.<\/p>\n<p><strong>Fonte:<\/strong> https:\/\/agenciabrasil.ebc.com.br\/justica\/noticia\/2022-12\/diretor-geral-da-prf-e-exonerado-do-cargo<\/p>\n<\/div>\n<p> <img decoding=\"async\" src=\"http:\/\/portal.cidadenoar.com.br\/wp-content\/uploads\/sites\/22\/2024\/12\/diretor-geral-da-prf-e-exonerado-do-cargo.jpg\" alt=\"\" title=\"\"><\/p>\n","protected":false},"excerpt":{"rendered":"<p>20\/12\/2022 \u00e0s 12h33min &#8211; Atualizada em 21\/12\/2022 \u00e0s 00h02min Em novembro, Vasques virou r\u00e9u por improbidade administrativa, acusado de fazer campanha para Bolsonaro durante a disputa presidencial deste ano, entre agosto e outubro. agenciabrasil.ebc.com.br\/rss\/justica https:\/\/agenciabrasil.ebc.com.br\/justica\/noticia\/2022-12\/diretor-geral-da-prf-e-exonerado-do-cargo<\/p>\n","protected":false},"author":1,"featured_media":0,"comment_status":"closed","ping_status":"closed","sticky":false,"template":"","format":"standard","meta":{"footnotes":""},"categories":[374],"tags":[35],"class_list":["post-966","post","type-post","status-publish","format-standard","hentry","category-politica","tag-seguranca"],"_links":{"self":[{"href":"https:\/\/cidadenoar.com\/global\/wp-json\/wp\/v2\/posts\/966","targetHints":{"allow":["GET"]}}],"collection":[{"href":"https:\/\/cidadenoar.com\/global\/wp-json\/wp\/v2\/posts"}],"about":[{"href":"https:\/\/cidadenoar.com\/global\/wp-json\/wp\/v2\/types\/post"}],"author":[{"embeddable":true,"href":"https:\/\/cidadenoar.com\/global\/wp-json\/wp\/v2\/users\/1"}],"replies":[{"embeddable":true,"href":"https:\/\/cidadenoar.com\/global\/wp-json\/wp\/v2\/comments?post=966"}],"version-history":[{"count":0,"href":"https:\/\/cidadenoar.com\/global\/wp-json\/wp\/v2\/posts\/966\/revisions"}],"wp:attachment":[{"href":"https:\/\/cidadenoar.com\/global\/wp-json\/wp\/v2\/media?parent=966"}],"wp:term":[{"taxonomy":"category","embeddable":true,"href":"https:\/\/cidadenoar.com\/global\/wp-json\/wp\/v2\/categories?post=966"},{"taxonomy":"post_tag","embeddable":true,"href":"https:\/\/cidadenoar.com\/global\/wp-json\/wp\/v2\/tags?post=966"}],"curies":[{"name":"wp","href":"https:\/\/api.w.org\/{rel}","templated":true}]}}