{"id":971,"date":"2022-12-19T18:09:34","date_gmt":"2022-12-19T21:09:34","guid":{"rendered":"https:\/\/cidadenoar.com\/noticia\/31213\/sao-paulo-governador-e-deputados-federais-e-estaduais-sao-diplomados"},"modified":"2025-07-26T17:50:06","modified_gmt":"2025-07-26T20:50:06","slug":"sao-paulo-governador-e-deputados-federais-e-estaduais-sao-diplomados","status":"publish","type":"post","link":"https:\/\/cidadenoar.com\/global\/politica\/sao-paulo-governador-e-deputados-federais-e-estaduais-sao-diplomados\/","title":{"rendered":"S\u00e3o Paulo: governador e deputados federais e estaduais s\u00e3o diplomados"},"content":{"rendered":"<div class=\"boxhtml_medio\"> <a href=\"31213\/capa_d9b2f7452aa862fb3.jpg\" title data-gallery> <img \/image?src=31213\/capa_d9b2f7452aa862fb3.jpg&amp;w=1200&amp;h=630&amp;output=webp\" align=\"left\" class=\"img-responsive\"> <\/a><\/div>\n<div class=\"img_ckeditor \"> <img decoding=\"async\" src=\"https:\/\/cdn.jsdelivr.net\/gh\/regiosousa\/ebc-assets@master\/images\/logo-agenciabrasil.svg\" class=\" img-responsive\" alt=\"Logo Ag\u00eancia Brasil\" title=\"\"> <\/p>\n<p><h3 class=\"title_2x\">Logo Ag\u00eancia Brasil<\/h3>\n<\/p><\/div>\n<p>Foi diplomado hoje (19) o governador eleito de S\u00e3o Paulo, Tarc\u00edsio de Freitas, o seu vice, Felicio Ramuth, e os deputados que v\u00e3o ocupar vagas na Assembleia Legislativa do Estado e na C\u00e2mara dos Deputados a partir de 2023. S\u00e3o 95 deputados e deputadas estaduais e 70 federais, al\u00e9m do senador eleito, Marcos Pontes. A cerim\u00f4nia ocorreu na Sala S\u00e3o Paulo, sala de concertos na regi\u00e3o central da capital paulista. <\/p>\n<div class=\"img_ckeditor \"> <img decoding=\"async\" src=\"http:\/\/portal.cidadenoar.com.br\/wp-content\/uploads\/sites\/22\/2024\/12\/sao-paulo-governador-e-deputados-federais-e-estaduais-sao-diplomados.png\" class=\" img-responsive\" alt=\"\" title=\"\"> <\/div>\n<div class=\"img_ckeditor \"> <img decoding=\"async\" src=\"http:\/\/portal.cidadenoar.com.br\/wp-content\/uploads\/sites\/22\/2024\/12\/sao-paulo-governador-e-deputados-federais-e-estaduais-sao-diplomados.png\" class=\" img-responsive\" alt=\"\" title=\"\"> <\/div>\n<p>A diploma\u00e7\u00e3o confirma que o candidato foi efetivamente eleito e est\u00e1 apto para tomar posse do cargo. Por isso, ela ocorre ap\u00f3s o fim das elei\u00e7\u00f5es e dos prazos para questionamentos. O documento \u00e9 necess\u00e1rio para que o eleito tome posse do cargo.<\/p>\n<h2>Desigualdades<\/h2>\n<h3>Not\u00edcias relacionadas:<\/h3>\n<p>O presidente do Tribunal Regional Eleitoral de S\u00e3o Paulo (TRE-SP), desembargador Paulo Galizia comentou os resultados das \u00faltimas elei\u00e7\u00f5es ao discursar durante a diploma\u00e7\u00e3o. Ele destacou que apesar das mulheres serem maioria no eleitorado paulista, ainda s\u00e3o minoria entre os eleitos. \u201cAs mulheres inscritas como eleitoras superam os homens em mais de 2 milh\u00f5es de pessoas. Infelizmente, a maioria feminina ainda est\u00e1 longe de se refletir nas urnas\u201d, enfatizou.<\/p>\n<p>Segundo Galiza, apenas 23,5% dos eleitos em 2022 s\u00e3o mulheres. O desembargador ponderou, no entanto, que houve um crescimento expressivo em rela\u00e7\u00e3o a 2014, quando as eleitas eram somente 9,6%.&nbsp;<\/p>\n<p>O estado de S\u00e3o Paulo, maior col\u00e9gio eleitoral do pa\u00eds, tinha, neste ano, 34,6 milh\u00f5es de eleitores aptos para votar.<\/p>\n<p>\u201cDesequil\u00edbrios evidentes tamb\u00e9m se verificam quando se passam a an\u00e1lise num\u00e9rica das candidaturas por cor ou ra\u00e7a no estado de S\u00e3o Paulo. Entretanto, o otimismo renasce quando comparamos as estat\u00edsticas das duas \u00faltimas elei\u00e7\u00f5es\u201d, acrescentou o presidente do TRE. De acordo com ele, em 2018, 8,4% dos eleitos se declarava negro. Em 2022, o percentual ficou em 15,8%.<\/p>\n<p>Sem citar fatos espec\u00edficos, Galiza disse que 2022 foi um ano turbulento, mas que a Justi\u00e7a Eleitoral saiu fortalecida. \u201cEsse ano, decerto, ficar\u00e1 marcado como o per\u00edodo mais dif\u00edcil de prova\u00e7\u00f5es enfrentadas pela Justi\u00e7a Eleitoral na sua aguerrida hist\u00f3ria de nove d\u00e9cadas que se completam agora. E a palavra que os historiadores do futuro usar\u00e3o para explicar a atua\u00e7\u00e3o da Justi\u00e7a Eleitoral brasileira em 2022 s\u00f3 poder\u00e1 ser uma: resili\u00eancia. Resili\u00eancia entendida como a capacidade inquestion\u00e1vel de supera\u00e7\u00e3o diante das adversidades que se somaram\u201d, destacou.<\/p>\n<p><strong>Fonte:<\/strong> https:\/\/agenciabrasil.ebc.com.br\/node\/1499209<\/p>\n<p><img decoding=\"async\" src=\"http:\/\/portal.cidadenoar.com.br\/wp-content\/uploads\/sites\/22\/2024\/12\/sao-paulo-governador-e-deputados-federais-e-estaduais-sao-diplomados.jpg\" alt=\"\" title=\"\"><\/p>\n","protected":false},"excerpt":{"rendered":"","protected":false},"author":1,"featured_media":0,"comment_status":"closed","ping_status":"closed","sticky":false,"template":"","format":"standard","meta":{"footnotes":""},"categories":[374],"tags":[35],"class_list":["post-971","post","type-post","status-publish","format-standard","hentry","category-politica","tag-seguranca"],"_links":{"self":[{"href":"https:\/\/cidadenoar.com\/global\/wp-json\/wp\/v2\/posts\/971","targetHints":{"allow":["GET"]}}],"collection":[{"href":"https:\/\/cidadenoar.com\/global\/wp-json\/wp\/v2\/posts"}],"about":[{"href":"https:\/\/cidadenoar.com\/global\/wp-json\/wp\/v2\/types\/post"}],"author":[{"embeddable":true,"href":"https:\/\/cidadenoar.com\/global\/wp-json\/wp\/v2\/users\/1"}],"replies":[{"embeddable":true,"href":"https:\/\/cidadenoar.com\/global\/wp-json\/wp\/v2\/comments?post=971"}],"version-history":[{"count":0,"href":"https:\/\/cidadenoar.com\/global\/wp-json\/wp\/v2\/posts\/971\/revisions"}],"wp:attachment":[{"href":"https:\/\/cidadenoar.com\/global\/wp-json\/wp\/v2\/media?parent=971"}],"wp:term":[{"taxonomy":"category","embeddable":true,"href":"https:\/\/cidadenoar.com\/global\/wp-json\/wp\/v2\/categories?post=971"},{"taxonomy":"post_tag","embeddable":true,"href":"https:\/\/cidadenoar.com\/global\/wp-json\/wp\/v2\/tags?post=971"}],"curies":[{"name":"wp","href":"https:\/\/api.w.org\/{rel}","templated":true}]}}