{"id":3600,"date":"2025-01-06T14:39:53","date_gmt":"2025-01-06T17:39:53","guid":{"rendered":"https:\/\/itapema.cidadenoar.com.br\/2025\/01\/06\/itapema-avanca-com-regulamentacao-de-veiculos-eletricos-e-mobilidade-individual\/"},"modified":"2025-01-06T14:39:55","modified_gmt":"2025-01-06T17:39:55","slug":"itapema-avanca-com-regulamentacao-de-veiculos-eletricos-e-mobilidade-individual","status":"publish","type":"post","link":"https:\/\/cidadenoar.com\/itapema\/geral\/itapema-avanca-com-regulamentacao-de-veiculos-eletricos-e-mobilidade-individual\/","title":{"rendered":"Itapema Avan\u00e7a com Regulamenta\u00e7\u00e3o de Ve\u00edculos El\u00e9tricos e Mobilidade Individual"},"content":{"rendered":"\n<p>Em uma iniciativa pioneira na regi\u00e3o, Itapema deu um importante passo para organizar a circula\u00e7\u00e3o de bicicletas el\u00e9tricas, equipamentos de mobilidade individual autopropelidos e ciclomotores. A Medida Provis\u00f3ria n\u00ba 01\/2025, publicada no in\u00edcio de janeiro, visa estabelecer regras claras para o uso desses ve\u00edculos em ciclovias, ciclofaixas, cal\u00e7adas e vias p\u00fablicas, priorizando a seguran\u00e7a e a harmonia no tr\u00e2nsito.<\/p>\n\n\n\n<h4 class=\"wp-block-heading\">Organiza\u00e7\u00e3o Necess\u00e1ria<\/h4>\n\n\n\n<p>A regulamenta\u00e7\u00e3o surge em um momento em que o crescimento do uso de bicicletas el\u00e9tricas e outros dispositivos de mobilidade tem gerado preocupa\u00e7\u00f5es relacionadas \u00e0 seguran\u00e7a. Dados locais apontam para um aumento no n\u00famero de acidentes envolvendo esses meios de transporte, especialmente durante a temporada de ver\u00e3o, quando a popula\u00e7\u00e3o flutuante aumenta consideravelmente.<\/p>\n\n\n\n<h4 class=\"wp-block-heading\">Regras Claras para Cada Ve\u00edculo<\/h4>\n\n\n\n<p>A Medida Provis\u00f3ria define especifica\u00e7\u00f5es t\u00e9cnicas e limites de circula\u00e7\u00e3o:<\/p>\n\n\n\n<ul class=\"wp-block-list\">\n<li><strong>Bicicletas de propuls\u00e3o humana<\/strong>: Devem circular exclusivamente em ciclovias e ciclofaixas, sendo vedado o uso em cal\u00e7adas e \u00e1reas destinadas a pedestres.<\/li>\n\n\n\n<li><strong>Bicicletas el\u00e9tricas<\/strong>: Com velocidade limitada a 32 km\/h e assist\u00eancia apenas durante a pedalada, s\u00e3o autorizadas em ciclovias e ciclofaixas. Modelos que excedem esses limites devem circular nas vias p\u00fablicas, sempre \u00e0 direita e seguindo o fluxo.<\/li>\n\n\n\n<li><strong>Equipamentos de mobilidade individual autopropelidos<\/strong>: Como patinetes el\u00e9tricos, podem utilizar ciclovias e ciclofaixas desde que atendam aos requisitos de dimens\u00f5es e velocidade m\u00e1xima de 6 km\/h. O uso em cal\u00e7adas est\u00e1 proibido.<\/li>\n\n\n\n<li><strong>Ciclomotores<\/strong>: Devem ser conduzidos no bordo direito da pista, preferencialmente na faixa mais \u00e0 direita, e n\u00e3o podem acessar vias de tr\u00e2nsito r\u00e1pido ou \u00e1reas de pedestres.<\/li>\n<\/ul>\n\n\n\n<h4 class=\"wp-block-heading\">Impacto Positivo para a Comunidade<\/h4>\n\n\n\n<p>Com a regulamenta\u00e7\u00e3o, espera-se uma redu\u00e7\u00e3o nos conflitos entre pedestres, ciclistas e condutores de ve\u00edculos el\u00e9tricos. Recentemente, um acidente envolvendo uma bicicleta el\u00e9trica resultou em traumatismo craniano de um pedestre, levantando debates sobre a urg\u00eancia de regras claras.<\/p>\n\n\n\n<p>A organiza\u00e7\u00e3o tamb\u00e9m promete facilitar a conviv\u00eancia entre os diversos modos de transporte, incentivando o uso de alternativas sustent\u00e1veis sem comprometer a seguran\u00e7a.<\/p>\n\n\n\n<h4 class=\"wp-block-heading\">Fiscaliza\u00e7\u00e3o e Penalidades<\/h4>\n\n\n\n<p>A Secretaria de Seguran\u00e7a P\u00fablica ser\u00e1 respons\u00e1vel pela fiscaliza\u00e7\u00e3o das novas normas. Em casos de infra\u00e7\u00e3o, est\u00e3o previstas multas, remo\u00e7\u00e3o do ve\u00edculo e at\u00e9 mesmo leil\u00e3o de bens n\u00e3o reclamados ap\u00f3s 90 dias. Essas medidas buscam garantir a ordem e coibir o uso irregular dos ve\u00edculos.<\/p>\n\n\n\n<h4 class=\"wp-block-heading\">Benef\u00edcios de Longo Prazo<\/h4>\n\n\n\n<p>A regulamenta\u00e7\u00e3o reflete a preocupa\u00e7\u00e3o com a mobilidade urbana e a seguran\u00e7a da popula\u00e7\u00e3o. Al\u00e9m de prevenir acidentes, a medida incentiva o uso consciente de ve\u00edculos el\u00e9tricos e promove a educa\u00e7\u00e3o no tr\u00e2nsito, contribuindo para uma cidade mais organizada e segura.<\/p>\n\n\n\n<p>A iniciativa coloca Itapema como exemplo na gest\u00e3o de mobilidade urbana, equilibrando inova\u00e7\u00e3o, sustentabilidade e responsabilidade.<\/p>\n","protected":false},"excerpt":{"rendered":"<p>Em uma iniciativa pioneira na regi\u00e3o, Itapema deu um importante passo para organizar a circula\u00e7\u00e3o de bicicletas el\u00e9tricas, equipamentos de mobilidade individual autopropelidos e ciclomotores. A Medida Provis\u00f3ria n\u00ba 01\/2025, publicada no in\u00edcio de janeiro, visa estabelecer regras claras para o uso desses ve\u00edculos em ciclovias, ciclofaixas, cal\u00e7adas e vias p\u00fablicas, priorizando a seguran\u00e7a e&#8230;<\/p>\n","protected":false},"author":1,"featured_media":3601,"comment_status":"open","ping_status":"open","sticky":false,"template":"","format":"standard","meta":{"maa_idioma":"","maa_pais":"","footnotes":""},"categories":[1],"tags":[95,106],"class_list":["post-3600","post","type-post","status-publish","format-standard","has-post-thumbnail","hentry","category-geral","tag-itapema-sc","tag-seguranca"],"_links":{"self":[{"href":"https:\/\/cidadenoar.com\/itapema\/wp-json\/wp\/v2\/posts\/3600","targetHints":{"allow":["GET"]}}],"collection":[{"href":"https:\/\/cidadenoar.com\/itapema\/wp-json\/wp\/v2\/posts"}],"about":[{"href":"https:\/\/cidadenoar.com\/itapema\/wp-json\/wp\/v2\/types\/post"}],"author":[{"embeddable":true,"href":"https:\/\/cidadenoar.com\/itapema\/wp-json\/wp\/v2\/users\/1"}],"replies":[{"embeddable":true,"href":"https:\/\/cidadenoar.com\/itapema\/wp-json\/wp\/v2\/comments?post=3600"}],"version-history":[{"count":0,"href":"https:\/\/cidadenoar.com\/itapema\/wp-json\/wp\/v2\/posts\/3600\/revisions"}],"wp:featuredmedia":[{"embeddable":true,"href":"https:\/\/cidadenoar.com\/itapema\/wp-json\/wp\/v2\/media\/3601"}],"wp:attachment":[{"href":"https:\/\/cidadenoar.com\/itapema\/wp-json\/wp\/v2\/media?parent=3600"}],"wp:term":[{"taxonomy":"category","embeddable":true,"href":"https:\/\/cidadenoar.com\/itapema\/wp-json\/wp\/v2\/categories?post=3600"},{"taxonomy":"post_tag","embeddable":true,"href":"https:\/\/cidadenoar.com\/itapema\/wp-json\/wp\/v2\/tags?post=3600"}],"curies":[{"name":"wp","href":"https:\/\/api.w.org\/{rel}","templated":true}]}}