{"id":3659,"date":"2025-03-13T21:48:19","date_gmt":"2025-03-14T00:48:19","guid":{"rendered":"https:\/\/itapema.cidadenoar.com.br\/2025\/03\/13\/luciano-hang-participa-de-jantar-com-a-familia-abravanel-em-sao-paulo\/"},"modified":"2025-07-27T22:20:34","modified_gmt":"2025-07-28T01:20:34","slug":"luciano-hang-participa-de-jantar-com-a-familia-abravanel-em-sao-paulo","status":"publish","type":"post","link":"https:\/\/cidadenoar.com\/itapema\/economia-negocios\/luciano-hang-participa-de-jantar-com-a-familia-abravanel-em-sao-paulo\/","title":{"rendered":"Luciano Hang participa de jantar com a fam\u00edlia Abravanel em S\u00e3o Paulo"},"content":{"rendered":"\n<p>Na noite de quarta-feira, 12, o empres\u00e1rio Luciano Hang, dono da rede de lojas Havan, e sua esposa, Andrea Hang, participaram de um jantar na resid\u00eancia de Silvio Santos, em S\u00e3o Paulo (SP). O encontro foi promovido pela fam\u00edlia Abravanel, que recebeu seis empres\u00e1rios brasileiros com o objetivo de demonstrar a admira\u00e7\u00e3o que Silvio Santos tinha por essas pessoas.<\/p>\n\n\n\n<p>Pendure registros oficiais do encontro em suas redes sociais, onde expressou gratid\u00e3o pelo convite e enalteceu a hospitalidade da fam\u00edlia Abravanel.<\/p>\n\n\n\n<p>\u201cFoi uma noite incr\u00edvel e muito adequada. S\u00f3 temos um agradecimento \u00e0 fam\u00edlia Abravanel pela receptividade e por manter vivo o legado de Silvio Santos, o que sempre admiro como sendo um \u00edcone do empreendedorismo e da comunica\u00e7\u00e3o no Brasil. Sua hist\u00f3ria \u00e9 uma inspira\u00e7\u00e3o para todos que sonham grande e trabalham com dedica\u00e7\u00e3o. A Havan tem muito orgulho em formar parcerias com o SBT h\u00e1 tantos anos e estar junto com nossos lares de milhares de brasileiros diariamente\u201d, pontua o empres\u00e1rio.<\/p>\n","protected":false},"excerpt":{"rendered":"<p>Na noite de quarta-feira, 12, o empres\u00e1rio Luciano Hang, dono da rede de lojas Havan, e sua esposa, Andrea Hang, participaram de um jantar na resid\u00eancia de Silvio Santos, em S\u00e3o Paulo (SP). O encontro foi promovido pela fam\u00edlia Abravanel, que recebeu seis empres\u00e1rios brasileiros com o objetivo de demonstrar a admira\u00e7\u00e3o que Silvio Santos&#8230;<\/p>\n","protected":false},"author":1,"featured_media":3660,"comment_status":"open","ping_status":"open","sticky":false,"template":"","format":"standard","meta":{"maa_idioma":"","maa_pais":"","footnotes":""},"categories":[146,148],"tags":[119,110,155,156,154],"class_list":["post-3659","post","type-post","status-publish","format-standard","has-post-thumbnail","hentry","category-economia-negocios","category-opiniao","tag-brasil","tag-empreendedorismo","tag-luciano-hang","tag-sbt","tag-tv"],"_links":{"self":[{"href":"https:\/\/cidadenoar.com\/itapema\/wp-json\/wp\/v2\/posts\/3659","targetHints":{"allow":["GET"]}}],"collection":[{"href":"https:\/\/cidadenoar.com\/itapema\/wp-json\/wp\/v2\/posts"}],"about":[{"href":"https:\/\/cidadenoar.com\/itapema\/wp-json\/wp\/v2\/types\/post"}],"author":[{"embeddable":true,"href":"https:\/\/cidadenoar.com\/itapema\/wp-json\/wp\/v2\/users\/1"}],"replies":[{"embeddable":true,"href":"https:\/\/cidadenoar.com\/itapema\/wp-json\/wp\/v2\/comments?post=3659"}],"version-history":[{"count":0,"href":"https:\/\/cidadenoar.com\/itapema\/wp-json\/wp\/v2\/posts\/3659\/revisions"}],"wp:featuredmedia":[{"embeddable":true,"href":"https:\/\/cidadenoar.com\/itapema\/wp-json\/wp\/v2\/media\/3660"}],"wp:attachment":[{"href":"https:\/\/cidadenoar.com\/itapema\/wp-json\/wp\/v2\/media?parent=3659"}],"wp:term":[{"taxonomy":"category","embeddable":true,"href":"https:\/\/cidadenoar.com\/itapema\/wp-json\/wp\/v2\/categories?post=3659"},{"taxonomy":"post_tag","embeddable":true,"href":"https:\/\/cidadenoar.com\/itapema\/wp-json\/wp\/v2\/tags?post=3659"}],"curies":[{"name":"wp","href":"https:\/\/api.w.org\/{rel}","templated":true}]}}