{"id":3673,"date":"2025-04-02T10:04:25","date_gmt":"2025-04-02T13:04:25","guid":{"rendered":"https:\/\/itapema.cidadenoar.com.br\/2025\/04\/02\/porto-belo-vai-receber-o-dia-mundial-da-criatividade-2025\/"},"modified":"2025-04-02T10:04:28","modified_gmt":"2025-04-02T13:04:28","slug":"porto-belo-vai-receber-o-dia-mundial-da-criatividade-2025","status":"publish","type":"post","link":"https:\/\/cidadenoar.com\/itapema\/geral\/porto-belo-vai-receber-o-dia-mundial-da-criatividade-2025\/","title":{"rendered":"Porto Belo vai receber o Dia Mundial da Criatividade 2025"},"content":{"rendered":"\n<p><\/p>\n\n\n\n<p>Maior movimento colaborativo voltado para criatividade e inova\u00e7\u00e3o j\u00e1 conta com mais de 60 cidades confirmadas; ser\u00e3o mais de 10 inspiradores com atividades especiais na cidade.<br>Criatividade e impacto global chegam a Porto Belo! Nos dias 21, 22 e 23 de abril, a cidade ser\u00e1 palco do maior festival colaborativo de criatividade do mundo, o Dia Mundial da Criatividade 2025 (World Creativity Day). Em sua edi\u00e7\u00e3o mais ampla at\u00e9 hoje, o movimento celebra o tema \u201cGera\u00e7\u00f5es Criativas: Transformando Talentos em Impacto\u201d, destacando como a uni\u00e3o de diferentes gera\u00e7\u00f5es pode gerar solu\u00e7\u00f5es inovadoras e impactantes.<br>A edi\u00e7\u00e3o de Porto Belo do WCD 2025 tem como mantenedor a Ag\u00eancia Feat Design e tem como apoiadores o Convention &amp; Visitors Bureau Costa Esmeralda e a Funda\u00e7\u00e3o Municipal de Turismo e Desenvolvimento Econ\u00f4mico de Porto Belo. As atividades acontecer\u00e3o no Porto Belo Outlet Premium.<br>Com mais de 60 cidades confirmadas no Brasil e presen\u00e7a em pa\u00edses da Europa e \u00c1sia Central, o festival prop\u00f5e atividades gratuitas, como workshops, pain\u00e9is, performances art\u00edsticas e encontros inspiradores, para promover conex\u00f5es, aprendizado e transforma\u00e7\u00e3o social.<\/p>\n\n\n\n<p>\u201cDesde sua cria\u00e7\u00e3o, o Dia Mundial da Criatividade sempre foi um convite ao mundo para entender o valor da criatividade como recurso essencial para resolver os grandes desafios da humanidade. Em 2025, chegamos a 64 cidades no Brasil e continuamos a expandir internacionalmente, provando que criatividade e colabora\u00e7\u00e3o s\u00e3o for\u00e7as poderosas de transforma\u00e7\u00e3o. \u00c9 um orgulho ver esse movimento crescer e impactar tantas vidas,\u201d destaca Lucas Foster, fundador e diretor-geral da World Creativity Organization.<\/p>\n\n\n\n<p>Luiz Serafim, diretor-executivo do World Creativity Day, ressalta a import\u00e2ncia do envolvimento local no festival: \u201cO Dia Mundial da Criatividade s\u00f3 \u00e9 poss\u00edvel gra\u00e7as \u00e0 for\u00e7a da colabora\u00e7\u00e3o. Chegar a 64 cidades no Brasil e a novos pa\u00edses \u00e9 prova de que o movimento est\u00e1 cada vez mais s\u00f3lido. Em cada cidade, encontramos l\u00edderes comprometidos, volunt\u00e1rios engajados e parceiros que acreditam no poder transformador da criatividade. \u00c9 inspirador ver como cada edi\u00e7\u00e3o ultrapassa fronteiras e mobiliza comunidades.\u201d<br>Em Porto Belo, Michela Fran\u00e7a, l\u00edder do festival na cidade, convida a comunidade a se unir ao evento: \u201c\u00c9 uma honra mobilizar e engajar a comunidade de Porto Belo no Dia Mundial da Criatividade 2025. Esta \u00e9 uma oportunidade \u00fanica de transformar talentos locais em impacto global. Convido cada pessoa \u2013 volunt\u00e1rios, anfitri\u00f5es, inspiradores e parceiros \u2013 a participar conosco. Juntos, vamos mostrar o poder da criatividade e criar um legado positivo para nossa cidade. Contamos com voc\u00ea para fazer hist\u00f3ria!\u201d<br><\/p>\n\n\n\n<p>Como participar?<br>Para fazer parte, fique atento a abertura das inscri\u00e7\u00f5es, que ser\u00e1 anunciada no Instagram @portobelomaiscriativa. N\u00e3o fique de fora da maior celebra\u00e7\u00e3o da criatividade e inova\u00e7\u00e3o no mundo!<br><\/p>\n\n\n\n<p>Servi\u00e7o<br>O que: Dia Mundial da Criatividade 2025<br>Quando: 21, 22 e 23 de abril de 2025<br>Onde: Porto Belo Outlet Premium<br><\/p>\n","protected":false},"excerpt":{"rendered":"<p>Maior movimento colaborativo voltado para criatividade e inova\u00e7\u00e3o j\u00e1 conta com mais de 60 cidades confirmadas; ser\u00e3o mais de 10 inspiradores com atividades especiais na cidade.Criatividade e impacto global chegam a Porto Belo! Nos dias 21, 22 e 23 de abril, a cidade ser\u00e1 palco do maior festival colaborativo de criatividade do mundo, o Dia&#8230;<\/p>\n","protected":false},"author":1,"featured_media":3674,"comment_status":"open","ping_status":"open","sticky":false,"template":"","format":"standard","meta":{"maa_idioma":"","maa_pais":"","footnotes":""},"categories":[1],"tags":[121,110],"class_list":["post-3673","post","type-post","status-publish","format-standard","has-post-thumbnail","hentry","category-geral","tag-educacao","tag-empreendedorismo"],"_links":{"self":[{"href":"https:\/\/cidadenoar.com\/itapema\/wp-json\/wp\/v2\/posts\/3673","targetHints":{"allow":["GET"]}}],"collection":[{"href":"https:\/\/cidadenoar.com\/itapema\/wp-json\/wp\/v2\/posts"}],"about":[{"href":"https:\/\/cidadenoar.com\/itapema\/wp-json\/wp\/v2\/types\/post"}],"author":[{"embeddable":true,"href":"https:\/\/cidadenoar.com\/itapema\/wp-json\/wp\/v2\/users\/1"}],"replies":[{"embeddable":true,"href":"https:\/\/cidadenoar.com\/itapema\/wp-json\/wp\/v2\/comments?post=3673"}],"version-history":[{"count":0,"href":"https:\/\/cidadenoar.com\/itapema\/wp-json\/wp\/v2\/posts\/3673\/revisions"}],"wp:featuredmedia":[{"embeddable":true,"href":"https:\/\/cidadenoar.com\/itapema\/wp-json\/wp\/v2\/media\/3674"}],"wp:attachment":[{"href":"https:\/\/cidadenoar.com\/itapema\/wp-json\/wp\/v2\/media?parent=3673"}],"wp:term":[{"taxonomy":"category","embeddable":true,"href":"https:\/\/cidadenoar.com\/itapema\/wp-json\/wp\/v2\/categories?post=3673"},{"taxonomy":"post_tag","embeddable":true,"href":"https:\/\/cidadenoar.com\/itapema\/wp-json\/wp\/v2\/tags?post=3673"}],"curies":[{"name":"wp","href":"https:\/\/api.w.org\/{rel}","templated":true}]}}