{"id":3675,"date":"2025-04-02T18:40:53","date_gmt":"2025-04-02T21:40:53","guid":{"rendered":"https:\/\/itapema.cidadenoar.com.br\/2025\/04\/02\/comissao-de-saude-recebe-gestores-do-hospital-santo-antonio-e-apresenta-reivindicacoes-da-populacao\/"},"modified":"2025-07-27T22:18:16","modified_gmt":"2025-07-28T01:18:16","slug":"comissao-de-saude-recebe-gestores-do-hospital-santo-antonio-e-apresenta-reivindicacoes-da-populacao","status":"publish","type":"post","link":"https:\/\/cidadenoar.com\/itapema\/guia-local\/comissao-de-saude-recebe-gestores-do-hospital-santo-antonio-e-apresenta-reivindicacoes-da-populacao\/","title":{"rendered":"Comiss\u00e3o de Sa\u00fade recebe gestores do Hospital Santo Ant\u00f4nio e apresenta reivindica\u00e7\u00f5es da popula\u00e7\u00e3o"},"content":{"rendered":"\n<p>Na tarde desta quarta-feira (02\/04), a Comiss\u00e3o de Educa\u00e7\u00e3o, Sa\u00fade e Assist\u00eancia Social da C\u00e2mara de Itapema se reuniu com representantes do Hospital Santo Ant\u00f4nio para discutir a qualidade do atendimento prestado \u00e0 popula\u00e7\u00e3o. A reuni\u00e3o ocorreu no Poder Legislativo e abordou diversas reivindica\u00e7\u00f5es da comunidade.<\/p>\n\n\n\n<p>Estiveram presentes a Diretora T\u00e9cnica do Hospital, Caroline Peruzzo, o Gerente M\u00e9dico da Redeh, Renann Vicenoato de Castro e Souza, e a Diretora da UPA de Itapema, Tatiani Mota. O encontro tamb\u00e9m contou com a presen\u00e7a do Secret\u00e1rio de Sa\u00fade de Itapema, Fabr\u00edcio Lazzari, que esclareceu quest\u00f5es sobre o contrato de gest\u00e3o do hospital, vigente at\u00e9 outubro, quando ser\u00e1 aberta nova licita\u00e7\u00e3o para administra\u00e7\u00e3o da unidade.<\/p>\n\n\n\n<p>Durante a reuni\u00e3o, o presidente da Comiss\u00e3o, vereador Andr\u00e9 de Oliveira (Novo), apresentou den\u00fancias recebidas pela C\u00e2mara sobre falhas no atendimento pedi\u00e1trico e casos de dengue n\u00e3o diagnosticados por falta de exames. Os vereadores Saulo Ramos (PP) e Raquel da Sa\u00fade (Uni\u00e3o) tamb\u00e9m participaram das discuss\u00f5es, enquanto o vereador Maurinho do G\u00e1s (PSD) foi representado por seu assessor.<\/p>\n\n\n\n<p><strong>Resultados da reuni\u00e3o<\/strong><\/p>\n\n\n\n<p>Uma das principais medidas anunciadas foi a substitui\u00e7\u00e3o da atual equipe pedi\u00e1trica em um prazo de 30 dias. O compromisso foi assumido pela Redeh, que garantiu a forma\u00e7\u00e3o de uma nova equipe composta por m\u00e9dicos especializados em pediatria e emerg\u00eancia pedi\u00e1trica.<\/p>\n\n\n\n<p>A Comiss\u00e3o continuar\u00e1 acompanhando de perto as mudan\u00e7as para garantir um atendimento adequado \u00e0 popula\u00e7\u00e3o de Itapema.<\/p>\n","protected":false},"excerpt":{"rendered":"<p>Troca da equipe pedi\u00e1trica ser\u00e1 realizada ap\u00f3s den\u00fancias de falhas no atendimento<\/p>\n","protected":false},"author":1,"featured_media":3676,"comment_status":"open","ping_status":"open","sticky":false,"template":"","format":"standard","meta":{"maa_idioma":"","maa_pais":"","footnotes":""},"categories":[143,151],"tags":[95,99],"class_list":["post-3675","post","type-post","status-publish","format-standard","has-post-thumbnail","hentry","category-guia-local","category-saude-bemestar","tag-itapema-sc","tag-saude"],"_links":{"self":[{"href":"https:\/\/cidadenoar.com\/itapema\/wp-json\/wp\/v2\/posts\/3675","targetHints":{"allow":["GET"]}}],"collection":[{"href":"https:\/\/cidadenoar.com\/itapema\/wp-json\/wp\/v2\/posts"}],"about":[{"href":"https:\/\/cidadenoar.com\/itapema\/wp-json\/wp\/v2\/types\/post"}],"author":[{"embeddable":true,"href":"https:\/\/cidadenoar.com\/itapema\/wp-json\/wp\/v2\/users\/1"}],"replies":[{"embeddable":true,"href":"https:\/\/cidadenoar.com\/itapema\/wp-json\/wp\/v2\/comments?post=3675"}],"version-history":[{"count":0,"href":"https:\/\/cidadenoar.com\/itapema\/wp-json\/wp\/v2\/posts\/3675\/revisions"}],"wp:featuredmedia":[{"embeddable":true,"href":"https:\/\/cidadenoar.com\/itapema\/wp-json\/wp\/v2\/media\/3676"}],"wp:attachment":[{"href":"https:\/\/cidadenoar.com\/itapema\/wp-json\/wp\/v2\/media?parent=3675"}],"wp:term":[{"taxonomy":"category","embeddable":true,"href":"https:\/\/cidadenoar.com\/itapema\/wp-json\/wp\/v2\/categories?post=3675"},{"taxonomy":"post_tag","embeddable":true,"href":"https:\/\/cidadenoar.com\/itapema\/wp-json\/wp\/v2\/tags?post=3675"}],"curies":[{"name":"wp","href":"https:\/\/api.w.org\/{rel}","templated":true}]}}