{"id":3692,"date":"2025-05-21T12:28:39","date_gmt":"2025-05-21T15:28:39","guid":{"rendered":"https:\/\/itapema.cidadenoar.com.br\/2025\/05\/21\/sc-sedia-nesta-sexta-e-sabado-a-11a-edicao-da-maior-imersao-de-empreendedorismo-da-america-latina\/"},"modified":"2025-07-27T22:15:19","modified_gmt":"2025-07-28T01:15:19","slug":"sc-sedia-nesta-sexta-e-sabado-a-11a-edicao-da-maior-imersao-de-empreendedorismo-da-america-latina","status":"publish","type":"post","link":"https:\/\/cidadenoar.com\/itapema\/brasil\/sc-sedia-nesta-sexta-e-sabado-a-11a-edicao-da-maior-imersao-de-empreendedorismo-da-america-latina\/","title":{"rendered":"SC sedia nesta sexta e s\u00e1bado a 11\u00aa edi\u00e7\u00e3o da maior imers\u00e3o de empreendedorismo da Am\u00e9rica Latina"},"content":{"rendered":"\n<p><strong><em>Empreende Brazil Conference vai reunir cerca de 100 palestrantes em edi\u00e7\u00e3o especial de dois dias nesta sexta e s\u00e1bado (23 e&nbsp;24\/5), na Arena Opus, na Grande Florian\u00f3polis<\/em><\/strong><strong><em><\/em><\/strong><\/p>\n\n\n\n<p>Diversas arenas de conte\u00fado com programa\u00e7\u00e3o simult\u00e2nea v\u00e3o receber, a partir desta sexta-feira (23\/5), a maior imers\u00e3o em empreendedorismo da Am\u00e9rica Latina. A edi\u00e7\u00e3o hist\u00f3rica do&nbsp;<strong><a href=\"https:\/\/www.soucatarina.com.br\/noticias\/noticias\/tag\/empreende-brazil-conference\" target=\"_blank\" rel=\"noreferrer noopener\">Empreende Brazil Conference<\/a><\/strong>, que comemora 11 anos de realiza\u00e7\u00e3o, reunir\u00e1 cerca de 100 palestrantes, mais de 100 expositores e um p\u00fablico superior a 6 mil pessoas por dia na Arena Opus, na Grande Florian\u00f3polis. Ser\u00e3o dois dias de programa\u00e7\u00e3o intensa, com mais de 12 horas di\u00e1rias de conte\u00fado para potenciais empreendedores, para donos de neg\u00f3cios de todo o porte e para intraempreendedores.&nbsp;As palestras abordar\u00e3o temas voltados \u00e0 tecnologia, inova\u00e7\u00e3o, marketing e vendas, intelig\u00eancia artificial, alta performance e gest\u00e3o, entre outros.<\/p>\n\n\n\n<p>\u201cDesde sua primeira edi\u00e7\u00e3o, o Empreende Brazil Conference mant\u00e9m sua ess\u00eancia de abra\u00e7ar m\u00faltiplas facetas, reunindo uma pluralidade de mentes brilhantes em um s\u00f3 evento\u201d, destaca Lucas Schweitzer, idealizador do evento, que hoje virou um ecossistema com a\u00e7\u00f5es ao longo de todo o ano atrav\u00e9s do\u00a0Empreende Brazil Club, uma associa\u00e7\u00e3o com programa\u00e7\u00e3o anual para empreendedores.<\/p>\n\n\n\n<p>A caracter\u00edstica de multiplicidade do evento permitir\u00e1 ao p\u00fablico assistir palestras de nomes como&nbsp;*Carlos Wizard*, fundador da Wizard e respons\u00e1vel pela maior venda da hist\u00f3ria do setor de educa\u00e7\u00e3o no Brasil; *Jo\u00e3o Kepler*, eleito o melhor anjo-investidor do pa\u00eds; *Marcos Piangers*, fen\u00f4meno em palestras e autor best-seller; *Luana G\u00e9not*, ativista e fundadora do Instituto Identidades do Brasil; *Marcos Freitas*, CEO da Seja AP, que lidera quatro empresas nos setores de educa\u00e7\u00e3o, finan\u00e7as, tecnologia e gest\u00e3o de pessoas, ajudando empres\u00e1rios e gestores a aumentarem vendas, lucros e o engajamento de suas equipes.&nbsp;*Marcus Marques*, mentor de empres\u00e1rios e refer\u00eancia em acelera\u00e7\u00e3o de neg\u00f3cios; *L\u00e1saro do Carmo Jr*, ex-presidente da Jequiti; *Ana Maria Diniz*, uma das maiores vozes em inova\u00e7\u00e3o educacional; *Carolina Duque*, vice-presidente de RH e Experi\u00eancia do Cliente da Lacoste da Am\u00e9rica Latina e mentora de empres\u00e1rias; *Jader Nogueira*, especialista em Cripto e Web3; al\u00e9m de *Joel Jota, Cinthia Chagas, Rodrigo Faro, Luiza Possi, Murilo Rosa, Bruno Cardoso*, entre muitos outros nomes de peso do empreendedorismo, da cultura, da m\u00fasica e da influ\u00eancia digital.<br><br>Destaque ainda para executivos de empresas como *Google, TikTok, Alibaba, Disney, ENGIE, Cacau Show*, al\u00e9m de representantes do poder p\u00fablico como o prefeito de Florian\u00f3polis, Top\u00e1zio Neto, Augusto Piazza, secret\u00e1rio adjunto da Fazenda Estadual e o Deputado Federal Nikolas Ferreira, que sobe ao palco para compartilhar sua trajet\u00f3ria e os bastidores de uma comunica\u00e7\u00e3o que convence, engaja e move multid\u00f5es.<\/p>\n\n\n\n<p>A 11\u00aa edi\u00e7\u00e3o do Empreende Brazil Conference, maior imers\u00e3o em empreendedorismo da Am\u00e9rica Latina, ter\u00e1 mais uma vez uma forte presen\u00e7a feminina. Dentre as palestrantes, 34 s\u00e3o mulheres, incluindo nomes conhecidos dos catarinenses, como Fernanda Bornhausen, fundadora da SEDO Farm\u00e1cia da Mente, e tamb\u00e9m empreendedoras de renome nacional, como Ana Maria Diniz, fundadora do Instituto Pen\u00ednsula e do Polvo Lab, um catalisador de neg\u00f3cios envolvendo produtos genuinamente brasileiros.&nbsp;O p\u00fablico poder\u00e1 conferir as hist\u00f3rias, ensinamentos e insights de mentes brilhantes como a&nbsp;de&nbsp;Luana G\u00e9not , fundadora do Instituto Identidades do Brasil; Cinthia Chagas, professora, palestrante, escritora e influenciadora; Luiza Possi, cantora, apresentadora e palestrante; Gue Oliveira, cabelereira, empres\u00e1ria e escritora best-seller; Silvia Belluzzo, diretora de marketing no Tik Tok e fundadora do Movimente-se; Luciane Dalmolin, diretora de vendas s\u00eanior para Canais no Brasil; Carolina Duque (VP de RH e Experi\u00eancia do Cliente Lacoste da Am\u00e9rica Latina e mentora de empres\u00e1rios, dentre outras lideran\u00e7as de mercado.<strong><\/strong><\/p>\n\n\n\n<p><strong><u>Mais palestrantes:<\/u><\/strong><\/p>\n\n\n\n<p>Allan Barros (CEO da Pullse e fundador da Acelera\u00ed), Dayane Titon (Diretora comercial er de MKT Bally), Gabriel Spaniol (CEO da Fashion Marketing Agency), Soraia Zonta (Bio Empreendedora), Raphael Bozza (Diretor de Rh Ifood), Carol Toral (Head Geral Empreende Brazil), Dayane Pizzol (Head Financeira da LS Holding), Giovanni Colacicco (mestre em Controladoria, Comendador e mentor da G4), Luciano Potter (Comunicador e palestrante), Leonardo Menezes (Head de Projetos LUSCH Ag\u00eancia 360\u00ba), Leadro Mattos (CEO na CogniSigns e Expert global na Singularity Brazil), Denis Braguini (diretor de Live Marketing), Diogo P\u00f3voa (mentor), Helen Girotto (Diretora Grupo PASSOaPASSO), Sidnei Rodriguies (S\u00f3cio Fundador TDBusiness), Let\u00edcia Vaz (Fundadora LV store), Jean Val\u00e9rio (CEO F\u00f3rum Neg\u00f3cios), Adonai Zanoni (Founder na Valuez e Esplendor Brasil, mentor e conselheiro empresarial), Caio Einaldi (Diretor de Varejo Latam Disney), Robson Luis (empres\u00e1rio), Ana Paula Schweitzer (m\u00e9dica pediatra), Fernando Martins (empreendedor e palestrante), Gleise Nascimento (Gerente de expans\u00e3o na Cacau Show), Jo\u00e3o Selarim (s\u00f3cio da Questum e do Grupo SPSA), Vin\u00edcius Carvalho (especialista em gest\u00e3o), Leandro Rosa (Embaixador Empreende Brazil Club), Th\u00e9o Orosco (CEO da Exact Club), Ivan Nascimento (CEO Escritol\u00e2ndia),Valda Stange (CEO da TopMed Health Tech), Wagner Pontes (Fundador &amp; CEO D4U Immigration e Presidente da Okkla Realty), Jaison Vieira (CEO Grupo Onda), Luciane Pedro (Gerente de Responsabilidade Social da ENGIE Brasil Energia), Carolina Arguelho (Coordenadora do Programa Mulheres do Nosso Bairro da ENGIE Brasil Energia), Adriano Gatto (empres\u00e1rio), Vin\u00edcius Carvalho (especialista em gest\u00e3o), Juliano Tobias (consultor empresarial),&nbsp;Filipe Colombo (CEO da Anjo Tintas), Carol Moya (especialista em LinkedIn), Anderson Rodrigues (Fundador da Vida Veg), Jos\u00e9 Viana (maior especialista em Youtube MKT no Brasil), Luis Fernando (CEO da Homenz Brasil), Theo Braga (empreendedor e investidor), Pedro Bocchese (Conselheiro na Valuez e Head de Inova\u00e7\u00e3o e Tecnologia na Processor Solu\u00e7\u00f5es), Art\u00eamio Zigler (empres\u00e1rio), Rafaela Fuhrmann (advogada trabalhista empresarial) , Lucas Gnigler (Diretor de Inova\u00e7\u00e3o Sistema LIDE SC e RS), Renato Moreira (CEo do Grupo Moreira Mendes), Murilo Capella (consultor de Longevidade da Unicred e da Quanta Previd\u00eancia Cooperativa), Adilson J. Perardt (empres\u00e1rio, mentor, conselheiro, consultor de empresas), Nancy Serapi\u00e3o (Head Lexus Brasil), Andreza Michelon (franqueada das marcas Bontempo e Saccaro em Florian\u00f3polis), Gilson Zimmerman (Consultor empresarial e instrutor de comunica\u00e7\u00e3o e orat\u00f3ria), Nara Vaz Guimar\u00e3es (Fundadora Plural Sales), Ismael Gomes (fisioterapeuta, mentor, CEO BR\/EUA), Davi Louback (fundador do Acelerador de Audi\u00eancia), Jorge Alexandrino (assessor de investimentos na InvestSmart XP), Paula Lunardelli (CEO da Prevision e Diretora Softplan), La\u00eds Francine (Fundadora e CEO da RH Instituto Training), Cris Peccin (consultora de Bem estar, membro do clube dos fundadores d\u00f4TERRA Brasil &amp; Presidencial Diamond), Naiana Gilgen (Head do Empreende Brazil Club), Daniella Abreu (presidente WTC), Ricardo Martins (especialista em Solu\u00e7\u00f5es de Whastapp), Thiago Chaves (empres\u00e1rio, professor e doutor em ADM), Alberto M. J\u00fanior (Diretor Executivo da Unicred Valor Capital), Andr\u00e9 Candido (fundador da VectaX e da ClickMassa), Everson Mai (CEO da Mais Internet), al\u00e9m de executivos e especialistas de diversas \u00e1reas. O evento tamb\u00e9m contar\u00e1 com a media\u00e7\u00e3o de Carol Wehba, Head Comercial da Forbes Brasil e CEO da Pelo Mundo Experience e Apresenta\u00e7\u00e3o Oficial de Karem Fabiani.<\/p>\n\n\n\n<p>O Empreende Brazil Conference ser\u00e1 realizado nos dias 23 e 24 deste m\u00eas, na Arena Opus, em S\u00e3o Jos\u00e9. Oportunidade \u00fanica de conex\u00e3o com experts do mercado, inova\u00e7\u00e3o, networking e oportunidades, as inscri\u00e7\u00f5es est\u00e3o sendo realizadas pelo site&nbsp;<a href=\"http:\/\/www.empreendebrazil.com.br\/\" target=\"_blank\" rel=\"noreferrer noopener\">www.empreendebrazil.com.br<\/a>.<\/p>\n\n\n\n<p><strong><u>Link da programa\u00e7\u00e3o:<\/u><\/strong> <a href=\"https:\/\/empreendebrazil.com.br\/programacao2025-floripa\/\" target=\"_blank\" rel=\"noreferrer noopener\">Programa\u00e7\u00e3o 2025 Floripaempreendebrazil.com.br<\/a><a href=\"https:\/\/empreendebrazil.com.br\/programacao2025-floripa\/\" target=\"_blank\" rel=\"noreferrer noopener\"><\/a><\/p>\n\n\n\n<p><strong><u>&nbsp;Servi\u00e7o<\/u><\/strong><\/p>\n\n\n\n<p>\u2022 Evento: Empreende Brazil Conference 2025<\/p>\n\n\n\n<p>\u2022 Data: 23 e 24 de maio de 2025<\/p>\n\n\n\n<p>\u2022 Local: Arena Opus \u2013 SC-281, 4000 \u2013 Sert\u00e3o do Maruim \u2013 S\u00e3o Jos\u00e9 (SC)<\/p>\n\n\n\n<p>\u2022 Ingressos: dispon\u00edveis em&nbsp;<a href=\"http:\/\/empreendebrazil.com.br\/\" target=\"_blank\" rel=\"noreferrer noopener\">empreendebrazil.com.br<\/a><\/p>\n","protected":false},"excerpt":{"rendered":"<p>Empreende Brazil Conference vai reunir cerca de 100 palestrantes em edi\u00e7\u00e3o especial de dois dias nesta sexta e s\u00e1bado (23 e&nbsp;24\/5), na Arena Opus, na Grande Florian\u00f3polis Diversas arenas de conte\u00fado com programa\u00e7\u00e3o simult\u00e2nea v\u00e3o receber, a partir desta sexta-feira (23\/5), a maior imers\u00e3o em empreendedorismo da Am\u00e9rica Latina. A edi\u00e7\u00e3o hist\u00f3rica do&nbsp;Empreende Brazil Conference,&#8230;<\/p>\n","protected":false},"author":1,"featured_media":3693,"comment_status":"open","ping_status":"open","sticky":false,"template":"","format":"standard","meta":{"maa_idioma":"","maa_pais":"","footnotes":""},"categories":[144,146],"tags":[119,121,110],"class_list":["post-3692","post","type-post","status-publish","format-standard","has-post-thumbnail","hentry","category-brasil","category-economia-negocios","tag-brasil","tag-educacao","tag-empreendedorismo"],"_links":{"self":[{"href":"https:\/\/cidadenoar.com\/itapema\/wp-json\/wp\/v2\/posts\/3692","targetHints":{"allow":["GET"]}}],"collection":[{"href":"https:\/\/cidadenoar.com\/itapema\/wp-json\/wp\/v2\/posts"}],"about":[{"href":"https:\/\/cidadenoar.com\/itapema\/wp-json\/wp\/v2\/types\/post"}],"author":[{"embeddable":true,"href":"https:\/\/cidadenoar.com\/itapema\/wp-json\/wp\/v2\/users\/1"}],"replies":[{"embeddable":true,"href":"https:\/\/cidadenoar.com\/itapema\/wp-json\/wp\/v2\/comments?post=3692"}],"version-history":[{"count":0,"href":"https:\/\/cidadenoar.com\/itapema\/wp-json\/wp\/v2\/posts\/3692\/revisions"}],"wp:featuredmedia":[{"embeddable":true,"href":"https:\/\/cidadenoar.com\/itapema\/wp-json\/wp\/v2\/media\/3693"}],"wp:attachment":[{"href":"https:\/\/cidadenoar.com\/itapema\/wp-json\/wp\/v2\/media?parent=3692"}],"wp:term":[{"taxonomy":"category","embeddable":true,"href":"https:\/\/cidadenoar.com\/itapema\/wp-json\/wp\/v2\/categories?post=3692"},{"taxonomy":"post_tag","embeddable":true,"href":"https:\/\/cidadenoar.com\/itapema\/wp-json\/wp\/v2\/tags?post=3692"}],"curies":[{"name":"wp","href":"https:\/\/api.w.org\/{rel}","templated":true}]}}