{"id":3708,"date":"2025-06-12T16:09:49","date_gmt":"2025-06-12T19:09:49","guid":{"rendered":"https:\/\/itapema.cidadenoar.com.br\/2025\/06\/12\/treinamento-fe-destrava-lota-sala-na-cdl-de-itapema-e-comprova-todo-mundo-pode-aprender-a-se-comunicar-melhor\/"},"modified":"2025-07-27T22:08:22","modified_gmt":"2025-07-28T01:08:22","slug":"treinamento-fe-destrava-lota-sala-na-cdl-de-itapema-e-comprova-todo-mundo-pode-aprender-a-se-comunicar-melhor","status":"publish","type":"post","link":"https:\/\/cidadenoar.com\/itapema\/guia-local\/treinamento-fe-destrava-lota-sala-na-cdl-de-itapema-e-comprova-todo-mundo-pode-aprender-a-se-comunicar-melhor\/","title":{"rendered":"Treinamento \u201cFe Destrava\u201d lota sala na CDL de Itapema e comprova: todo mundo pode aprender a se comunicar melhor"},"content":{"rendered":"\n<p>Na noite da \u00faltima ter\u00e7a-feira (11), a CDL de Itapema recebeu um grupo de pessoas que tinham algo em comum: o desejo de melhorar sua comunica\u00e7\u00e3o. Muitos chegaram t\u00edmidos, com o cora\u00e7\u00e3o acelerado, mas sa\u00edram dali com uma certeza \u2014 <strong>falar bem em p\u00fablico \u00e9 uma habilidade que pode (e deve) ser desenvolvida<\/strong>.<\/p>\n\n\n\n<p>A respons\u00e1vel por essa transforma\u00e7\u00e3o foi a comunicadora e especialista em orat\u00f3ria <strong>Fernanda Merlim<\/strong>, que conduziu mais uma edi\u00e7\u00e3o do <strong>Treinamento Fe Destrava \u2013 Orat\u00f3ria para a Vida<\/strong>, uma proposta pr\u00e1tica, din\u00e2mica e acolhedora, voltada para quem quer vencer o medo de falar, destravar a fala e comunicar-se com mais clareza e seguran\u00e7a.<\/p>\n\n\n\n<p>O curso, que teve dura\u00e7\u00e3o de quatro horas, reuniu pessoas de diferentes \u00e1reas e idades. O ambiente leve e a abordagem pr\u00f3xima fizeram com que todos se sentissem \u00e0 vontade para praticar e se desafiar, sem julgamentos.<\/p>\n\n\n\n<p>\u201cA proposta n\u00e3o \u00e9 ensinar f\u00f3rmulas prontas, mas ajudar cada um a se conectar com sua pr\u00f3pria voz, com autenticidade\u201d, explicou Fernanda. \u201cOntem foi dia de celebrar o poder da comunica\u00e7\u00e3o transformadora! Parab\u00e9ns aos formandos que agora levam consigo n\u00e3o s\u00f3 um certificado, mas uma nova voz \u2013 mais segura, clara e confiante!\u201d<\/p>\n\n\n\n<p>Durante o treinamento, foram trabalhadas t\u00e9cnicas de controle da ansiedade, <strong>organiza\u00e7\u00e3o de ideias, uso da linguagem corporal, ajustes na dic\u00e7\u00e3o e na voz<\/strong>, al\u00e9m de estrat\u00e9gias para evitar repeti\u00e7\u00f5es e v\u00edcios de linguagem \u2014 tudo isso com pr\u00e1tica ao vivo, orienta\u00e7\u00f5es personalizadas e incentivo constante para que cada participante desse um passo a mais.<\/p>\n\n\n\n<h3 class=\"wp-block-heading\">Depoimentos refor\u00e7am a for\u00e7a do m\u00e9todo<\/h3>\n\n\n\n<p>Quem esteve presente sentiu os efeitos imediatos da proposta. O empres\u00e1rio <strong>Leonardo Barrios<\/strong>, por exemplo, conheceu Fernanda em uma apresenta\u00e7\u00e3o no grupo de neg\u00f3cios <strong>BNI Prospera<\/strong>, e se interessou pela proposta do curso.<\/p>\n\n\n\n<blockquote class=\"wp-block-quote is-layout-flow wp-block-quote-is-layout-flow\">\n<p>\u201cAchei excelente! A pr\u00e1tica aliada \u00e0 t\u00e9cnica, de forma simples e eficaz. Recomendo a todos que querem ou precisam se desenvolver para falar em p\u00fablico ou melhorar sua comunica\u00e7\u00e3o.\u201d<\/p>\n<\/blockquote>\n\n\n\n<p>J\u00e1 a participante <strong>Estelamar Miotto<\/strong> destacou o quanto a did\u00e1tica e o envolvimento da professora fizeram diferen\u00e7a:<\/p>\n\n\n\n<blockquote class=\"wp-block-quote is-layout-flow wp-block-quote-is-layout-flow\">\n<p>\u201cAo longo do curso ficou ainda mais claro que o estudo faz a diferen\u00e7a \u2014 mas um bom professor faz uma diferen\u00e7a ainda maior. A Fernanda tem uma energia incr\u00edvel, e isso inspira. Saio grata por tudo que aprendi e pelas trocas com o grupo.\u201d<\/p>\n<\/blockquote>\n\n\n\n<p><strong>M\u00e1rcia Renz<\/strong>, consultora de investimentos, tamb\u00e9m n\u00e3o poupou elogios:<\/p>\n\n\n\n<blockquote class=\"wp-block-quote is-layout-flow wp-block-quote-is-layout-flow\">\n<p>\u201cO curso DESTRAVE foi excelente, pois aprendi que, mais do que falar em p\u00fablico, \u00e9 saber <strong>como<\/strong> falar! A Fernanda \u00e9 super did\u00e1tica e acess\u00edvel. Recomendo muito!\u201d<\/p>\n<\/blockquote>\n\n\n\n<p>J\u00e1 o vendedor <strong>Maicon Witzke<\/strong>, que sempre se considerou comunicativo, percebeu o quanto ainda podia crescer:<\/p>\n\n\n\n<blockquote class=\"wp-block-quote is-layout-flow wp-block-quote-is-layout-flow\">\n<p>\u201cEu sabia que tinha muito a melhorar. E o treinamento me mostrou isso de forma pr\u00e1tica. Algumas t\u00e9cnicas j\u00e1 mostraram resultado ali mesmo, durante o curso. \u00c9 um caminho que exige treino e const\u00e2ncia, e j\u00e1 estou sentindo os benef\u00edcios at\u00e9 na minha atua\u00e7\u00e3o em vendas.\u201d<\/p>\n<\/blockquote>\n\n\n\n<h3 class=\"wp-block-heading\">Comunica\u00e7\u00e3o \u00e9 uma habilidade para a vida<\/h3>\n\n\n\n<p>Fernanda refor\u00e7a que comunicar-se bem n\u00e3o \u00e9 um dom, e sim uma <strong>habilidade que pode ser aprendida por qualquer pessoa<\/strong>. Segundo ela, os maiores \u201ctravas\u201d costumam ser o medo do julgamento, a ansiedade e a falta de preparo \u2014 e todos esses pontos podem ser trabalhados com orienta\u00e7\u00e3o e pr\u00e1tica.<\/p>\n\n\n\n<p>\u201cEsse treinamento \u00e9 para pessoas reais, com seus medos e d\u00favidas. \u00c9 para quem nunca falou em p\u00fablico e para quem j\u00e1 fala, mas quer se sentir mais seguro. Comunica\u00e7\u00e3o \u00e9 para a vida toda: vale para o trabalho, para os relacionamentos, para empreender e para crescer como pessoa\u201d, conclui.<\/p>\n\n\n\n<p>A boa not\u00edcia \u00e9 que, diante do sucesso da turma, novas edi\u00e7\u00f5es j\u00e1 est\u00e3o sendo planejadas. Os interessados podem acompanhar as novidades pelas redes sociais da professora Fernanda Merlim ou entrar em contato diretamente para mais informa\u00e7\u00f5es.<\/p>\n\n\n\n<figure class=\"wp-block-gallery has-nested-images columns-default is-cropped wp-block-gallery-1 is-layout-flex wp-block-gallery-is-layout-flex\">\n<figure class=\"wp-block-image size-large\"><img decoding=\"async\" data-id=\"3711\" src=\"https:\/\/cidadenoar.com\/wp-content\/uploads\/sites\/22\/2025\/06\/WhatsApp-Image-2025-06-12-at-13.39.43-768x1024.jpeg\" alt=\"\" class=\"wp-image-3711\"\/><\/figure>\n\n\n\n<figure class=\"wp-block-image size-large\"><img decoding=\"async\" data-id=\"3709\" src=\"https:\/\/cidadenoar.com\/wp-content\/uploads\/sites\/22\/2025\/06\/WhatsApp-Image-2025-06-12-at-13.39.43-2-768x1024.jpeg\" alt=\"\" class=\"wp-image-3709\"\/><\/figure>\n\n\n\n<figure class=\"wp-block-image size-large\"><img decoding=\"async\" data-id=\"3710\" src=\"https:\/\/cidadenoar.com\/wp-content\/uploads\/sites\/22\/2025\/06\/WhatsApp-Image-2025-06-12-at-13.39.43-1-768x1024.jpeg\" alt=\"\" class=\"wp-image-3710\"\/><\/figure>\n<\/figure>\n","protected":false},"excerpt":{"rendered":"<p>Na noite da \u00faltima ter\u00e7a-feira (11), a CDL de Itapema recebeu um grupo de pessoas que tinham algo em comum: o desejo de melhorar sua comunica\u00e7\u00e3o. Muitos chegaram t\u00edmidos, com o cora\u00e7\u00e3o acelerado, mas sa\u00edram dali com uma certeza \u2014 falar bem em p\u00fablico \u00e9 uma habilidade que pode (e deve) ser desenvolvida. A respons\u00e1vel&#8230;<\/p>\n","protected":false},"author":1,"featured_media":3712,"comment_status":"open","ping_status":"open","sticky":false,"template":"","format":"standard","meta":{"maa_idioma":"","maa_pais":"","footnotes":""},"categories":[143,148],"tags":[121,110,95],"class_list":["post-3708","post","type-post","status-publish","format-standard","has-post-thumbnail","hentry","category-guia-local","category-opiniao","tag-educacao","tag-empreendedorismo","tag-itapema-sc"],"_links":{"self":[{"href":"https:\/\/cidadenoar.com\/itapema\/wp-json\/wp\/v2\/posts\/3708","targetHints":{"allow":["GET"]}}],"collection":[{"href":"https:\/\/cidadenoar.com\/itapema\/wp-json\/wp\/v2\/posts"}],"about":[{"href":"https:\/\/cidadenoar.com\/itapema\/wp-json\/wp\/v2\/types\/post"}],"author":[{"embeddable":true,"href":"https:\/\/cidadenoar.com\/itapema\/wp-json\/wp\/v2\/users\/1"}],"replies":[{"embeddable":true,"href":"https:\/\/cidadenoar.com\/itapema\/wp-json\/wp\/v2\/comments?post=3708"}],"version-history":[{"count":0,"href":"https:\/\/cidadenoar.com\/itapema\/wp-json\/wp\/v2\/posts\/3708\/revisions"}],"wp:featuredmedia":[{"embeddable":true,"href":"https:\/\/cidadenoar.com\/itapema\/wp-json\/wp\/v2\/media\/3712"}],"wp:attachment":[{"href":"https:\/\/cidadenoar.com\/itapema\/wp-json\/wp\/v2\/media?parent=3708"}],"wp:term":[{"taxonomy":"category","embeddable":true,"href":"https:\/\/cidadenoar.com\/itapema\/wp-json\/wp\/v2\/categories?post=3708"},{"taxonomy":"post_tag","embeddable":true,"href":"https:\/\/cidadenoar.com\/itapema\/wp-json\/wp\/v2\/tags?post=3708"}],"curies":[{"name":"wp","href":"https:\/\/api.w.org\/{rel}","templated":true}]}}