{"id":3714,"date":"2025-06-12T19:58:21","date_gmt":"2025-06-12T22:58:21","guid":{"rendered":"https:\/\/itapema.cidadenoar.com.br\/2025\/06\/12\/quebrando-o-gelo-com-a-camera-curso-presencial-ajuda-empreendedores-e-profissionais-a-destravarem-na-frente-das-lentes\/"},"modified":"2025-07-27T22:08:36","modified_gmt":"2025-07-28T01:08:36","slug":"quebrando-o-gelo-com-a-camera-curso-presencial-ajuda-empreendedores-e-profissionais-a-destravarem-na-frente-das-lentes","status":"publish","type":"post","link":"https:\/\/cidadenoar.com\/itapema\/guia-local\/quebrando-o-gelo-com-a-camera-curso-presencial-ajuda-empreendedores-e-profissionais-a-destravarem-na-frente-das-lentes\/","title":{"rendered":"Quebrando o Gelo com a C\u00e2mera: curso presencial ajuda empreendedores e profissionais a destravarem na frente das lentes"},"content":{"rendered":"\n<h2 class=\"wp-block-heading\"><strong>Nova turma confirmada para o dia 17 de junho, \u00e0s 18h30, na CDL Itapema-SC<\/strong><\/h2>\n\n\n\n<p>Se voc\u00ea trava toda vez que liga a c\u00e2mera, sente que tem algo importante pra dizer mas n\u00e3o sabe como come\u00e7ar\u2026 essa \u00e9 a sua chance de virar o jogo. Est\u00e1 confirmada a pr\u00f3xima turma do curso <strong>\u201cQuebrando o Gelo com a C\u00e2mera \u2013 A voz que vende\u201d<\/strong>, um treinamento pr\u00e1tico e presencial voltado para quem quer se comunicar melhor diante das c\u00e2meras e nas redes sociais.<\/p>\n\n\n\n<p>O encontro ser\u00e1 no dia <strong>17 de junho, \u00e0s 18h30, na CDL de Itapema (SC)<\/strong>, e promete muito mais do que dicas t\u00e9cnicas. A proposta \u00e9 destravar de dentro pra fora, trabalhando desde a autoconfian\u00e7a at\u00e9 a naturalidade na fala.<\/p>\n\n\n\n<h3 class=\"wp-block-heading\"><strong>Por que esse curso \u00e9 diferente?<\/strong><\/h3>\n\n\n\n<p>Ministrado por <strong>Fernanda<\/strong>, idealizadora do conhecido projeto <strong><a href=\"https:\/\/cidadenoar.com\/2025\/06\/12\/treinamento-fe-destrava-lota-sala-na-cdl-de-itapema-e-comprova-todo-mundo-pode-aprender-a-se-comunicar-melhor\/\" target=\"_blank\" rel=\"noreferrer noopener\">F\u00ea Destrava<\/a><\/strong>, o curso foca em um problema comum a muitas pessoas: saber o que precisa ser dito, mas travar na hora de gravar.<\/p>\n\n\n\n<p>Mais do que um curso tradicional de comunica\u00e7\u00e3o, <strong>\u201cQuebrando o Gelo com a C\u00e2mera\u201d<\/strong> prop\u00f5e uma abordagem leve, pr\u00e1tica e humanizada, com atividades m\u00e3o na massa, feedbacks em tempo real e t\u00e9cnicas que funcionam no mundo real.<\/p>\n\n\n\n<blockquote class=\"wp-block-quote is-layout-flow wp-block-quote-is-layout-flow\">\n<p>\u201c\u00c9 um curso pra quem quer vender mais, se posicionar melhor nas redes, gravar v\u00eddeos com naturalidade ou simplesmente vencer o medo de se expor. N\u00e3o tem teoria cansativa, \u00e9 100% voltado \u00e0 pr\u00e1tica\u201d, explica Fernanda.<\/p>\n<\/blockquote>\n\n\n\n<figure class=\"wp-block-image size-large is-style-default\"><img decoding=\"async\" src=\"http:\/\/cidadenoar.com\/wp-content\/uploads\/sites\/2\/2025\/06\/WhatsApp-Image-2025-06-12-at-16.40.13-1024x682.jpeg\" alt=\"\" class=\"wp-image-3716\"\/><\/figure>\n\n\n\n<h3 class=\"wp-block-heading\"><strong>O que voc\u00ea vai aprender na pr\u00e1tica:<\/strong><\/h3>\n\n\n\n<p>\u2705 Como falar com naturalidade diante da c\u00e2mera<br>\u2705 Como trabalhar sua autoimagem e autoconfian\u00e7a<br>\u2705 Como se comunicar de forma clara, leve e sem for\u00e7ar um personagem<br>\u2705 Estrat\u00e9gias para come\u00e7ar a gravar v\u00eddeos sem medo ou vergonha<br>\u2705 Dicas reais para melhorar sua presen\u00e7a digital<\/p>\n\n\n\n<h3 class=\"wp-block-heading\"><strong>Para quem \u00e9 esse curso?<\/strong><\/h3>\n\n\n\n<p>O conte\u00fado \u00e9 ideal para empreendedores, profissionais liberais, influenciadores, criadores de conte\u00fado ou qualquer pessoa que entenda a import\u00e2ncia de se comunicar bem no ambiente digital, mas ainda se sente travada, insegura ou perdida na hora de gravar.<\/p>\n\n\n\n<h3 class=\"wp-block-heading\"><strong>Um ambiente seguro e acolhedor<\/strong><\/h3>\n\n\n\n<p>O curso \u00e9 presencial, em grupo reduzido, com ambiente acolhedor e din\u00e2mico. O objetivo \u00e9 que cada participante se sinta \u00e0 vontade para experimentar, errar, melhorar e sair dali com mais confian\u00e7a e clareza sobre como aparecer diante das c\u00e2meras com autenticidade.<\/p>\n\n\n\n<h3 class=\"wp-block-heading\"><strong>Inscri\u00e7\u00f5es abertas<\/strong><\/h3>\n\n\n\n<p>As vagas s\u00e3o limitadas e as inscri\u00e7\u00f5es j\u00e1 est\u00e3o abertas.<\/p>\n\n\n\n<p>\ud83d\udcc5 <strong>Data:<\/strong> 17\/06<br>\ud83d\udd55 <strong>Hor\u00e1rio:<\/strong> 18h30<br>\ud83d\udccd <strong>Local:<\/strong> CDL Itapema (SC)<br>\ud83d\udcf2 <strong>Mais informa\u00e7\u00f5es e inscri\u00e7\u00e3o:<\/strong> <a href=\"https:\/\/wa.me\/5547991631305\" target=\"_blank\" rel=\"noopener\">Clique Aqui<\/a><\/p>\n\n\n\n<p><\/p>\n","protected":false},"excerpt":{"rendered":"<p>Nova turma confirmada para o dia 17 de junho, \u00e0s 18h30, na CDL Itapema-SC Se voc\u00ea trava toda vez que liga a c\u00e2mera, sente que tem algo importante pra dizer mas n\u00e3o sabe como come\u00e7ar\u2026 essa \u00e9 a sua chance de virar o jogo. Est\u00e1 confirmada a pr\u00f3xima turma do curso \u201cQuebrando o Gelo com&#8230;<\/p>\n","protected":false},"author":1,"featured_media":3715,"comment_status":"open","ping_status":"open","sticky":false,"template":"","format":"standard","meta":{"maa_idioma":"","maa_pais":"","footnotes":""},"categories":[143,148],"tags":[121,110,95],"class_list":["post-3714","post","type-post","status-publish","format-standard","has-post-thumbnail","hentry","category-guia-local","category-opiniao","tag-educacao","tag-empreendedorismo","tag-itapema-sc"],"_links":{"self":[{"href":"https:\/\/cidadenoar.com\/itapema\/wp-json\/wp\/v2\/posts\/3714","targetHints":{"allow":["GET"]}}],"collection":[{"href":"https:\/\/cidadenoar.com\/itapema\/wp-json\/wp\/v2\/posts"}],"about":[{"href":"https:\/\/cidadenoar.com\/itapema\/wp-json\/wp\/v2\/types\/post"}],"author":[{"embeddable":true,"href":"https:\/\/cidadenoar.com\/itapema\/wp-json\/wp\/v2\/users\/1"}],"replies":[{"embeddable":true,"href":"https:\/\/cidadenoar.com\/itapema\/wp-json\/wp\/v2\/comments?post=3714"}],"version-history":[{"count":0,"href":"https:\/\/cidadenoar.com\/itapema\/wp-json\/wp\/v2\/posts\/3714\/revisions"}],"wp:featuredmedia":[{"embeddable":true,"href":"https:\/\/cidadenoar.com\/itapema\/wp-json\/wp\/v2\/media\/3715"}],"wp:attachment":[{"href":"https:\/\/cidadenoar.com\/itapema\/wp-json\/wp\/v2\/media?parent=3714"}],"wp:term":[{"taxonomy":"category","embeddable":true,"href":"https:\/\/cidadenoar.com\/itapema\/wp-json\/wp\/v2\/categories?post=3714"},{"taxonomy":"post_tag","embeddable":true,"href":"https:\/\/cidadenoar.com\/itapema\/wp-json\/wp\/v2\/tags?post=3714"}],"curies":[{"name":"wp","href":"https:\/\/api.w.org\/{rel}","templated":true}]}}