{"id":3724,"date":"2025-06-18T18:38:44","date_gmt":"2025-06-18T21:38:44","guid":{"rendered":"https:\/\/itapema.cidadenoar.com.br\/2025\/06\/18\/curso-quebrando-o-gelo-com-a-camera-transforma-noite-de-participantes-em-itapema-e-mostra-que-todos-podem-se-comunicar-com-mais-presenca\/"},"modified":"2025-07-27T22:08:53","modified_gmt":"2025-07-28T01:08:53","slug":"curso-quebrando-o-gelo-com-a-camera-transforma-noite-de-participantes-em-itapema-e-mostra-que-todos-podem-se-comunicar-com-mais-presenca","status":"publish","type":"post","link":"https:\/\/cidadenoar.com\/itapema\/guia-local\/curso-quebrando-o-gelo-com-a-camera-transforma-noite-de-participantes-em-itapema-e-mostra-que-todos-podem-se-comunicar-com-mais-presenca\/","title":{"rendered":"Curso \u201cQuebrando o Gelo com a C\u00e2mera\u201d transforma noite de participantes em Itapema e mostra que todos podem se comunicar com mais presen\u00e7a"},"content":{"rendered":"\n<p>Na noite de ontem, 17 de junho, a sede da CDL Itapema foi palco de mais uma edi\u00e7\u00e3o do curso <strong>\u201cQuebrando o Gelo com a C\u00e2mera \u2013 A voz que vende\u201d<\/strong>, conduzido pela mentora e professora <strong>Fernanda<\/strong>, idealizadora do projeto F\u00ea Destrava. Com a sala cheia, a noite foi marcada por muita pr\u00e1tica, troca de experi\u00eancias e principalmente, supera\u00e7\u00e3o de bloqueios que impediam muitas pessoas de aparecer com seguran\u00e7a diante das c\u00e2meras.<\/p>\n\n\n\n<p>O treinamento tem um prop\u00f3sito claro: ajudar quem deseja se comunicar melhor no digital, seja para vender mais, fortalecer a marca pessoal ou simplesmente vencer a inseguran\u00e7a na hora de gravar um v\u00eddeo. Fernanda conduziu o grupo com a leveza e firmeza que j\u00e1 s\u00e3o sua marca registrada, combinando t\u00e9cnicas pr\u00e1ticas com um ambiente acolhedor e seguro.<\/p>\n\n\n\n<p>Segundo a professora, o curso reuniu participantes com diferentes n\u00edveis de experi\u00eancia, e todos sa\u00edram com novos aprendizados. \u201cNo curso de destrava, onde os alunos aprenderam t\u00e9cnicas para gravar v\u00eddeos, tivemos a presen\u00e7a de profissionais que j\u00e1 est\u00e3o avan\u00e7ando na comunica\u00e7\u00e3o e precisam de mais t\u00e9cnicas, e os que ainda t\u00eam muita vergonha e dificuldade. Me alegro em poder auxiliar em ambos os casos, j\u00e1 que se expressar com seguran\u00e7a e presen\u00e7a faz toda diferen\u00e7a. Ter uma voz que vende nos abre portas e torna a vida mais leve e pr\u00f3spera\u201d, explica Fernanda, que tamb\u00e9m compartilha sua filosofia de ensino:<br><strong>&#8220;Falo com alma, ensino com amor e desperto com presen\u00e7a.&#8221;<\/strong><\/p>\n\n\n\n<p>Os depoimentos ao final da noite refor\u00e7aram o impacto da experi\u00eancia. A empres\u00e1ria <strong>Tati Dias<\/strong>, com 27 anos de atua\u00e7\u00e3o no ramo da beleza, relatou que tinha dificuldade em fazer v\u00eddeos, mas saiu do curso confiante. \u201cA F\u00ea nos apresentou t\u00e9cnicas muito legais e com certeza agora vou me destravar mais. Vale muito a pena fazer o curso com ela. Fiz o de orat\u00f3ria tamb\u00e9m e recomendo. A Fernanda \u00e9 muito boa no que faz\u201d, disse.<\/p>\n\n\n\n<p>J\u00e1 o participante <strong>Marcos Alves<\/strong> destacou que o curso trouxe \u00e0 tona ferramentas importantes que estavam esquecidas. \u201cO curso de ontem foi extremamente pr\u00e1tico, com ferramentas j\u00e1 conhecidas, mas deixadas de lado pela falsa sensa\u00e7\u00e3o de seguran\u00e7a que possu\u00edmos. A Fernanda \u00e9 uma profissional diferenciada, respeita demais os ouvintes e transmite conhecimento com carinho. Entende o trabalho como miss\u00e3o. Al\u00e9m do investimento ser honesto, muito baixo pelo retorno obtido. Farei recomenda\u00e7\u00e3o com certeza.\u201d<\/p>\n\n\n\n<p>O evento foi mais uma prova de que comunicar bem n\u00e3o \u00e9 sobre perfei\u00e7\u00e3o, mas sobre conex\u00e3o. Quando h\u00e1 espa\u00e7o para errar, experimentar e se ver com novos olhos, comunicar-se passa a ser leve, poss\u00edvel e at\u00e9 prazeroso. E para quem deseja usar a pr\u00f3pria voz como ponte para alcan\u00e7ar objetivos, este tipo de forma\u00e7\u00e3o \u00e9 um passo essencial.<\/p>\n\n\n\n<p>Com o sucesso desta edi\u00e7\u00e3o, novas turmas est\u00e3o sendo planejadas. Interessados podem acompanhar as <a href=\"https:\/\/www.instagram.com\/fedestravaoficial\/\" target=\"_blank\" data-type=\"link\" data-id=\"https:\/\/www.instagram.com\/fedestravaoficial\/\" rel=\"noreferrer noopener\">redes sociais da Fernanda<\/a> para saber quando ser\u00e1 o pr\u00f3ximo encontro e garantir a chance de tamb\u00e9m destravar de vez.<\/p>\n","protected":false},"excerpt":{"rendered":"<p>Na noite de ontem, 17 de junho, a sede da CDL Itapema foi palco de mais uma edi\u00e7\u00e3o do curso \u201cQuebrando o Gelo com a C\u00e2mera \u2013 A voz que vende\u201d, conduzido pela mentora e professora Fernanda, idealizadora do projeto F\u00ea Destrava. Com a sala cheia, a noite foi marcada por muita pr\u00e1tica, troca de&#8230;<\/p>\n","protected":false},"author":1,"featured_media":3725,"comment_status":"open","ping_status":"open","sticky":false,"template":"","format":"standard","meta":{"maa_idioma":"","maa_pais":"","footnotes":""},"categories":[143,148],"tags":[121,110,95],"class_list":["post-3724","post","type-post","status-publish","format-standard","has-post-thumbnail","hentry","category-guia-local","category-opiniao","tag-educacao","tag-empreendedorismo","tag-itapema-sc"],"_links":{"self":[{"href":"https:\/\/cidadenoar.com\/itapema\/wp-json\/wp\/v2\/posts\/3724","targetHints":{"allow":["GET"]}}],"collection":[{"href":"https:\/\/cidadenoar.com\/itapema\/wp-json\/wp\/v2\/posts"}],"about":[{"href":"https:\/\/cidadenoar.com\/itapema\/wp-json\/wp\/v2\/types\/post"}],"author":[{"embeddable":true,"href":"https:\/\/cidadenoar.com\/itapema\/wp-json\/wp\/v2\/users\/1"}],"replies":[{"embeddable":true,"href":"https:\/\/cidadenoar.com\/itapema\/wp-json\/wp\/v2\/comments?post=3724"}],"version-history":[{"count":0,"href":"https:\/\/cidadenoar.com\/itapema\/wp-json\/wp\/v2\/posts\/3724\/revisions"}],"wp:featuredmedia":[{"embeddable":true,"href":"https:\/\/cidadenoar.com\/itapema\/wp-json\/wp\/v2\/media\/3725"}],"wp:attachment":[{"href":"https:\/\/cidadenoar.com\/itapema\/wp-json\/wp\/v2\/media?parent=3724"}],"wp:term":[{"taxonomy":"category","embeddable":true,"href":"https:\/\/cidadenoar.com\/itapema\/wp-json\/wp\/v2\/categories?post=3724"},{"taxonomy":"post_tag","embeddable":true,"href":"https:\/\/cidadenoar.com\/itapema\/wp-json\/wp\/v2\/tags?post=3724"}],"curies":[{"name":"wp","href":"https:\/\/api.w.org\/{rel}","templated":true}]}}