{"id":4270,"date":"2025-07-30T16:22:50","date_gmt":"2025-07-30T19:22:50","guid":{"rendered":"https:\/\/itapema.cidadenoar.com.br\/?p=4270"},"modified":"2025-07-30T16:22:55","modified_gmt":"2025-07-30T19:22:55","slug":"praca-da-paz-em-itapema-um-espaco-de-cultura-e-confraternizacao","status":"publish","type":"post","link":"https:\/\/cidadenoar.com\/itapema\/cultura-lazer\/praca-da-paz-em-itapema-um-espaco-de-cultura-e-confraternizacao\/","title":{"rendered":"Pra\u00e7a da Paz em Itapema: Um Espa\u00e7o de Cultura e Confraterniza\u00e7\u00e3o"},"content":{"rendered":"\n<p>Localizada na Avenida Nereu Ramos, no cora\u00e7\u00e3o do Centro de Itapema, Santa Catarina, a Pra\u00e7a da Paz, tamb\u00e9m conhecida como Pra\u00e7a da Concha, \u00e9 o maior espa\u00e7o p\u00fablico da cidade, ficando atr\u00e1s apenas da praia em extens\u00e3o e relev\u00e2ncia. Inaugurada em 21 de abril de 1999, a pra\u00e7a \u00e9 um ponto de encontro tradicional para moradores e turistas, destacando-se por sua ampla \u00e1rea, beleza e versatilidade.<\/p>\n\n\n\n<p>A Pra\u00e7a da Paz \u00e9 famosa por abrigar os principais eventos pol\u00edticos e culturais de Itapema. Equipada com uma concha ac\u00fastica e uma arquibancada em formato de meia-lua, o local \u00e9 palco de shows, apresenta\u00e7\u00f5es art\u00edsticas e celebra\u00e7\u00f5es sazonais. Durante o ver\u00e3o, shows nacionais atraem grande p\u00fablico, enquanto, no Natal, a pra\u00e7a ganha destaque com a chegada do Papai Noel, um coral infantil e o acendimento das luzes natalinas, criando um ambiente m\u00e1gico para as fam\u00edlias. Na P\u00e1scoa, a pra\u00e7a se transforma com a Casa do Coelhinho e o espet\u00e1culo teatral de Corpus Christi, que retrata a crucifica\u00e7\u00e3o e ressurrei\u00e7\u00e3o de Cristo, atraindo visitantes pela sua emo\u00e7\u00e3o e qualidade.<\/p>\n\n\n\n<p>Al\u00e9m de eventos, a pra\u00e7a \u00e9 ideal para o dia a dia. Possui uma \u00e1rea arborizada, frequentada por jovens que praticam slackline, e um playground com ch\u00e3o almofadado, perfeito para crian\u00e7as. A proximidade com a Praia Central, lojas, bancos, a sede da Prefeitura e o Mercado P\u00fablico torna o local ainda mais atrativo, com op\u00e7\u00f5es de restaurantes e caf\u00e9s ao redor.<\/p>\n\n\n\n<p>Recentemente, a Pra\u00e7a da Paz foi palco de eventos marcantes, como o VII Concerto da Banda Municipal de Itapema, em 11 de dezembro de 2024, que reuniu 40 m\u00fasicos e 60 bailarinos com um repert\u00f3rio de cl\u00e1ssicos do cinema e can\u00e7\u00f5es natalinas. Outro destaque foi o evento Samba na Pra\u00e7a, em 24 de maio de 2025, com o grupo Samba Entre Amigos, food trucks e um ambiente animado para todas as idades. A programa\u00e7\u00e3o de P\u00e1scoa de 2025 atraiu milhares de visitantes com oficinas criativas, conta\u00e7\u00e3o de hist\u00f3rias, passeios de trenzinho e a maior decora\u00e7\u00e3o em luzes de LED do mundo, segundo a Prefeitura de Itapema.<\/p>\n\n\n\n<p>A pra\u00e7a tamb\u00e9m \u00e9 um espa\u00e7o de confraterniza\u00e7\u00e3o e inclus\u00e3o. Eventos como a festa julina, iniciada em 2017, unem cultura, turismo e solidariedade, apoiando projetos sociais locais. Apesar de sua relev\u00e2ncia, alguns visitantes apontam que a pra\u00e7a poderia receber mais cuidados e melhorias na manuten\u00e7\u00e3o, para preservar sua beleza e funcionalidade.<\/p>\n\n\n\n<p>Com f\u00e1cil acesso, a Pra\u00e7a da Paz est\u00e1 a poucos minutos da Praia do Centro e \u00e9 servida por linhas de \u00f4nibus como a 52-1, Circular Itapema e Seletivo Itapema, com a parada Pra\u00e7a da Paz &#8211; Norte a apenas dois minutos de caminhada. O endere\u00e7o oficial \u00e9 Rua 120, 49-71, Centro, Itapema, SC.<\/p>\n\n\n\n<p>Seja para curtir um evento cultural, levar as crian\u00e7as ao parquinho ou simplesmente relaxar em um ambiente arborizado, a Pra\u00e7a da Paz \u00e9 um destino imperd\u00edvel em Itapema, refletindo o esp\u00edrito acolhedor e vibrante da cidade.<\/p>\n\n\n\n<figure class=\"wp-block-gallery has-nested-images columns-default is-cropped wp-block-gallery-1 is-layout-flex wp-block-gallery-is-layout-flex\">\n<figure class=\"wp-block-image size-large\"><img loading=\"lazy\" decoding=\"async\" width=\"1360\" height=\"765\" data-id=\"4272\" src=\"https:\/\/itapema.cidadenoar.com.br\/wp-content\/uploads\/sites\/2\/2025\/07\/pracapaz4.webp\" alt=\"\" class=\"wp-image-4272\" srcset=\"https:\/\/cidadenoar.com\/itapema\/wp-content\/uploads\/sites\/2\/2025\/07\/pracapaz4.webp 1360w, https:\/\/cidadenoar.com\/itapema\/wp-content\/uploads\/sites\/2\/2025\/07\/pracapaz4-768x432.webp 768w\" sizes=\"auto, (max-width: 1360px) 100vw, 1360px\" \/><\/figure>\n\n\n\n<figure class=\"wp-block-image size-large\"><img loading=\"lazy\" decoding=\"async\" width=\"1251\" height=\"1020\" data-id=\"4274\" src=\"https:\/\/itapema.cidadenoar.com.br\/wp-content\/uploads\/sites\/2\/2025\/07\/pracapaz2.webp\" alt=\"\" class=\"wp-image-4274\" srcset=\"https:\/\/cidadenoar.com\/itapema\/wp-content\/uploads\/sites\/2\/2025\/07\/pracapaz2.webp 1251w, https:\/\/cidadenoar.com\/itapema\/wp-content\/uploads\/sites\/2\/2025\/07\/pracapaz2-768x626.webp 768w\" sizes=\"auto, (max-width: 1251px) 100vw, 1251px\" \/><\/figure>\n\n\n\n<figure class=\"wp-block-image size-large\"><img loading=\"lazy\" decoding=\"async\" width=\"1360\" height=\"1020\" data-id=\"4273\" src=\"https:\/\/itapema.cidadenoar.com.br\/wp-content\/uploads\/sites\/2\/2025\/07\/pracapaz.webp\" alt=\"\" class=\"wp-image-4273\" srcset=\"https:\/\/cidadenoar.com\/itapema\/wp-content\/uploads\/sites\/2\/2025\/07\/pracapaz.webp 1360w, https:\/\/cidadenoar.com\/itapema\/wp-content\/uploads\/sites\/2\/2025\/07\/pracapaz-768x576.webp 768w\" sizes=\"auto, (max-width: 1360px) 100vw, 1360px\" \/><\/figure>\n<\/figure>\n","protected":false},"excerpt":{"rendered":"<p>Localizada na Avenida Nereu Ramos, no cora\u00e7\u00e3o do Centro de Itapema, Santa Catarina, a Pra\u00e7a da Paz, tamb\u00e9m conhecida como Pra\u00e7a da Concha, \u00e9 o maior espa\u00e7o p\u00fablico da cidade, ficando atr\u00e1s apenas da praia em extens\u00e3o e relev\u00e2ncia. Inaugurada em 21 de abril de 1999, a pra\u00e7a \u00e9 um ponto de encontro tradicional para&#8230;<\/p>\n","protected":false},"author":1,"featured_media":4271,"comment_status":"open","ping_status":"open","sticky":false,"template":"","format":"standard","meta":{"maa_idioma":"","maa_pais":"","footnotes":""},"categories":[145],"tags":[177,102,95,232],"class_list":["post-4270","post","type-post","status-publish","format-standard","has-post-thumbnail","hentry","category-cultura-lazer","tag-centro-itapema-sc","tag-diversao","tag-itapema-sc","tag-praca-da-paz-itapema-sc"],"_links":{"self":[{"href":"https:\/\/cidadenoar.com\/itapema\/wp-json\/wp\/v2\/posts\/4270","targetHints":{"allow":["GET"]}}],"collection":[{"href":"https:\/\/cidadenoar.com\/itapema\/wp-json\/wp\/v2\/posts"}],"about":[{"href":"https:\/\/cidadenoar.com\/itapema\/wp-json\/wp\/v2\/types\/post"}],"author":[{"embeddable":true,"href":"https:\/\/cidadenoar.com\/itapema\/wp-json\/wp\/v2\/users\/1"}],"replies":[{"embeddable":true,"href":"https:\/\/cidadenoar.com\/itapema\/wp-json\/wp\/v2\/comments?post=4270"}],"version-history":[{"count":0,"href":"https:\/\/cidadenoar.com\/itapema\/wp-json\/wp\/v2\/posts\/4270\/revisions"}],"wp:featuredmedia":[{"embeddable":true,"href":"https:\/\/cidadenoar.com\/itapema\/wp-json\/wp\/v2\/media\/4271"}],"wp:attachment":[{"href":"https:\/\/cidadenoar.com\/itapema\/wp-json\/wp\/v2\/media?parent=4270"}],"wp:term":[{"taxonomy":"category","embeddable":true,"href":"https:\/\/cidadenoar.com\/itapema\/wp-json\/wp\/v2\/categories?post=4270"},{"taxonomy":"post_tag","embeddable":true,"href":"https:\/\/cidadenoar.com\/itapema\/wp-json\/wp\/v2\/tags?post=4270"}],"curies":[{"name":"wp","href":"https:\/\/api.w.org\/{rel}","templated":true}]}}