{"id":4394,"date":"2025-11-20T11:59:00","date_gmt":"2025-11-20T14:59:00","guid":{"rendered":"https:\/\/itapema.cidadenoar.com\/?p=4394"},"modified":"2025-11-20T11:59:02","modified_gmt":"2025-11-20T14:59:02","slug":"pier-oporto-novo-cartao-postal-de-itapema-inaugura-em-dezembro-de-2025","status":"publish","type":"post","link":"https:\/\/cidadenoar.com\/itapema\/economia-negocios\/pier-oporto-novo-cartao-postal-de-itapema-inaugura-em-dezembro-de-2025\/","title":{"rendered":"P\u00eder Oporto: Novo Cart\u00e3o-Postal de Itapema Inaugura em Dezembro de 2025"},"content":{"rendered":"\n<p>O dia <strong>22 de dezembro de 2025<\/strong> marcar\u00e1 a hist\u00f3ria do litoral norte catarinense. Nesta data, ser\u00e1 inaugurado oficialmente o <strong>P\u00eder Oporto<\/strong>, consolidando-se como o mais novo cart\u00e3o-postal de <strong><a href=\"https:\/\/itapema.cidadenoar.com\">Itapema<\/a> (SC)<\/strong>. O an\u00fancio oficial da data foi realizado nesta quarta-feira, 5 de novembro, pelas empresas s\u00f3cias do empreendimento: <strong>MayBelly Incorporadora<\/strong>, <strong>Pantanal Neg\u00f3cios Imobili\u00e1rios<\/strong>, <strong>R7 Participa\u00e7\u00f5es<\/strong> e <strong>RGS Engenharia<\/strong>.<\/p>\n\n\n\n<p>A concretiza\u00e7\u00e3o deste sonho antigo da comunidade de Itapema s\u00f3 foi poss\u00edvel gra\u00e7as \u00e0 uni\u00e3o dessas quatro empresas, que assumiram integralmente a execu\u00e7\u00e3o financeira e executiva da obra. Com in\u00edcio em dezembro de 2023, a constru\u00e7\u00e3o avan\u00e7ou em ritmo acelerado, permitindo uma entrega impressionante: <strong>um ano antes do prazo previsto em contrato<\/strong>.<\/p>\n\n\n\n<h3 class=\"wp-block-heading\">Desafios Construtivos e Engenharia In\u00e9dita<\/h3>\n\n\n\n<p>A obra superou a complexidade de construir sobre o mar. Segundo <strong>Maycol Marini<\/strong>, s\u00f3cio e diretor presidente do P\u00eder Oporto, os materiais utilizados receberam tratamento espec\u00edfico para suportar o ambiente marinho agressivo, incluindo produtos desenvolvidos exclusivamente para o projeto.<\/p>\n\n\n\n<blockquote class=\"wp-block-quote is-layout-flow wp-block-quote-is-layout-flow\">\n<p>\u201cConcluir esta obra, com todas essas caracter\u00edsticas \u00fanicas, \u00e9 um grande orgulho e certamente ir\u00e1 representar um novo tempo para Itapema e regi\u00e3o\u201d, destaca Marini.<\/p>\n<\/blockquote>\n\n\n\n<h3 class=\"wp-block-heading\">Estrutura \u00danica na Am\u00e9rica Latina<\/h3>\n\n\n\n<p>O P\u00eder Oporto destaca-se pela inova\u00e7\u00e3o arquitet\u00f4nica. Ser\u00e1 o <strong>\u00fanico p\u00eder da <a href=\"https:\/\/cidadenoar.com\" target=\"_blank\" rel=\"noreferrer noopener\">Am\u00e9rica Latina<\/a><\/strong> a contar com estacionamento localizado abaixo da plataforma principal, oferecendo <strong>226 vagas para ve\u00edculos<\/strong>. Al\u00e9m disso, a estrutura disp\u00f5e de <strong>50 vagas molhadas<\/strong> para embarca\u00e7\u00f5es.<\/p>\n\n\n\n<p>O complexo foi desenhado para proporcionar uma experi\u00eancia completa de turismo e lazer, incluindo:<\/p>\n\n\n\n<ul class=\"wp-block-list\">\n<li>Roda-gigante;<\/li>\n\n\n\n<li>Academia com vista panor\u00e2mica 360\u00b0 para o mar;<\/li>\n\n\n\n<li>Posto de combust\u00edvel n\u00e1utico;<\/li>\n\n\n\n<li>Espa\u00e7os de conviv\u00eancia e ampla \u00e1rea comercial.<\/li>\n<\/ul>\n\n\n\n<p>O nome &#8220;Oporto&#8221; faz alus\u00e3o ao maior empreendimento lan\u00e7ado pela MayBelly Incorporadora no litoral norte, simbolizando a grandiosidade e o estilo do projeto.<\/p>\n\n\n\n<h3 class=\"wp-block-heading\">Impacto Econ\u00f4mico e Turismo<\/h3>\n\n\n\n<p>A expectativa \u00e9 que o P\u00eder Oporto receba entre <strong>4 a 5 mil visitantes por dia<\/strong>, ultrapassando a marca de <strong>1 milh\u00e3o de pessoas por ano<\/strong>. Esse fluxo deve impulsionar significativamente a <a href=\"https:\/\/cidadenoar.com.br\" target=\"_blank\" rel=\"noreferrer noopener\">economia local<\/a>. O empreendimento gerar\u00e1 cerca de <strong>mil empregos diretos<\/strong>, com destaque para o setor de gastronomia, que j\u00e1 est\u00e1 com processos seletivos abertos.<\/p>\n\n\n\n<h3 class=\"wp-block-heading\">Hard Rock Cafe e Marcas Confirmadas<\/h3>\n\n\n\n<p>O mix comercial do P\u00eder reunir\u00e1 <strong>54 opera\u00e7\u00f5es<\/strong>, mesclando marcas nacionais e internacionais. A grande \u00e2ncora do projeto ser\u00e1 o <strong>Hard Rock Cafe Itapema<\/strong>, que ter\u00e1 a \u00fanica unidade da <a href=\"https:\/\/franquias.online\" target=\"_blank\" rel=\"noreferrer noopener\">franquia<\/a> no mundo constru\u00edda sobre a \u00e1gua, oferecendo uma vista 360\u00b0 do oceano.<\/p>\n\n\n\n<p>Confira a lista das marcas j\u00e1 confirmadas que comp\u00f5em este centro de gastronomia e entretenimento:<\/p>\n\n\n\n<ul class=\"wp-block-list\">\n<li><strong>Gastronomia e Bebidas:<\/strong> A\u00e7ailand, Balas Fina, Bella Gula Tortaria e Caf\u00e9, Cali Cravings Bar e Grill, Choperia N1, Cremeli\u00ea Caf\u00e9, Forneria Oliva, Freddo Gelateria, Hard Rock Cafe, Kekala, Kopenhagen, Los Mariachis Culin\u00e1ria Mexicana, Pantai Sushi e Asi\u00e1tico, Pizzaria D It\u00e1lia, Press Caf\u00e9, Restaurante Ra\u00edzes, Saudoso Boteco, Truck da Nona, Usina do Hamb\u00farguer, Vino!, Yoshake.<\/li>\n\n\n\n<li><strong>Moda, Acess\u00f3rios e Varejo:<\/strong> Amarelo Manga, Bumerang, Kings Sneakers, Lefran J\u00f3ias, Luzzoo, Orben Relojoaria e \u00d3tica, Outlet Suplementos.<\/li>\n\n\n\n<li><strong>Servi\u00e7os e Lazer:<\/strong> A Banca Barbearia, Est\u00e2ncia Las Lenas, Estapar, Green Island, It Wheel (Roda Gigante), Jet P\u00eder, Pantanal Neg\u00f3cios Imobili\u00e1rios, Pratique Academia, Rede Leme de Combust\u00edveis e Conveni\u00eancia.<\/li>\n<\/ul>\n\n\n\n<p><\/p>\n\n\n\n<p><em>Cr\u00e9ditos: Claudia Xavier | Assessora de Comunica\u00e7\u00e3o<\/em><\/p>\n","protected":false},"excerpt":{"rendered":"<p>O dia 22 de dezembro de 2025 marcar\u00e1 a hist\u00f3ria do litoral norte catarinense. Nesta data, ser\u00e1 inaugurado oficialmente o P\u00eder Oporto, consolidando-se como o mais novo cart\u00e3o-postal de Itapema (SC). O an\u00fancio oficial da data foi realizado nesta quarta-feira, 5 de novembro, pelas empresas s\u00f3cias do empreendimento: MayBelly Incorporadora, Pantanal Neg\u00f3cios Imobili\u00e1rios, R7 Participa\u00e7\u00f5es&#8230;<\/p>\n","protected":false},"author":1,"featured_media":4395,"comment_status":"open","ping_status":"open","sticky":false,"template":"","format":"standard","meta":{"maa_idioma":"","maa_pais":"","footnotes":""},"categories":[146],"tags":[110,95],"class_list":["post-4394","post","type-post","status-publish","format-standard","has-post-thumbnail","hentry","category-economia-negocios","tag-empreendedorismo","tag-itapema-sc"],"_links":{"self":[{"href":"https:\/\/cidadenoar.com\/itapema\/wp-json\/wp\/v2\/posts\/4394","targetHints":{"allow":["GET"]}}],"collection":[{"href":"https:\/\/cidadenoar.com\/itapema\/wp-json\/wp\/v2\/posts"}],"about":[{"href":"https:\/\/cidadenoar.com\/itapema\/wp-json\/wp\/v2\/types\/post"}],"author":[{"embeddable":true,"href":"https:\/\/cidadenoar.com\/itapema\/wp-json\/wp\/v2\/users\/1"}],"replies":[{"embeddable":true,"href":"https:\/\/cidadenoar.com\/itapema\/wp-json\/wp\/v2\/comments?post=4394"}],"version-history":[{"count":0,"href":"https:\/\/cidadenoar.com\/itapema\/wp-json\/wp\/v2\/posts\/4394\/revisions"}],"wp:featuredmedia":[{"embeddable":true,"href":"https:\/\/cidadenoar.com\/itapema\/wp-json\/wp\/v2\/media\/4395"}],"wp:attachment":[{"href":"https:\/\/cidadenoar.com\/itapema\/wp-json\/wp\/v2\/media?parent=4394"}],"wp:term":[{"taxonomy":"category","embeddable":true,"href":"https:\/\/cidadenoar.com\/itapema\/wp-json\/wp\/v2\/categories?post=4394"},{"taxonomy":"post_tag","embeddable":true,"href":"https:\/\/cidadenoar.com\/itapema\/wp-json\/wp\/v2\/tags?post=4394"}],"curies":[{"name":"wp","href":"https:\/\/api.w.org\/{rel}","templated":true}]}}