{"id":4396,"date":"2025-11-21T10:21:20","date_gmt":"2025-11-21T13:21:20","guid":{"rendered":"https:\/\/itapema.cidadenoar.com\/?p=4396"},"modified":"2025-11-21T10:21:22","modified_gmt":"2025-11-21T13:21:22","slug":"brasin-entrega-o-mario-lago-e-celebra-brasilidade","status":"publish","type":"post","link":"https:\/\/cidadenoar.com\/itapema\/economia-negocios\/brasin-entrega-o-mario-lago-e-celebra-brasilidade\/","title":{"rendered":"Brasin entrega o M\u00e1rio Lago e celebra brasilidade"},"content":{"rendered":"\n<p>A Brasin Empreendimentos ressignifica a arquitetura e exalta a brasilidade com a entrega de seu terceiro empreendimento: o M\u00e1rio Lago Residencial, em Porto Belo, nesta sexta-feira (21). Fiel ao trip\u00e9 arquitetura, arte e engenharia, o projeto traz uma releitura contempor\u00e2nea do modernismo brasileiro. O uso de colunas cil\u00edndricas, cobog\u00f3s, pain\u00e9is de ladrilhos e paisagismo integrado confere nova roupagem ao movimento que marcou a est\u00e9tica do pa\u00eds e celebra as m\u00faltiplas facetas de um dos nomes mais ic\u00f4nicos da nossa cultura.<br>No empreendimento, o multifacetado M\u00e1rio Lago \u2014 advogado, poeta, radialista, compositor, escritor, ator e autor de sambas eternizados na m\u00fasica brasileira \u2014 \u00e9 homenageado pela composi\u00e7\u00e3o de texturas e volumes assim\u00e9tricos, que geram impacto visual e rompem com a monotonia das fachadas convencionais. S\u00e3o 20 pavimentos que somam mais de 10 mil m\u00b2 de \u00e1rea constru\u00edda, com 39 apartamentos de duas e tr\u00eas su\u00edtes, al\u00e9m de tr\u00eas <a href=\"https:\/\/itapema.cidadenoar.com\/tag\/imoveis\/\" target=\"_blank\" data-type=\"post_tag\" data-id=\"255\" rel=\"noreferrer noopener\">coberturas<\/a> com p\u00e9 direito estendido, distribu\u00eddos entre o oitavo e o vig\u00e9simo andar.<br>S\u00e3o tr\u00eas unidades por pavimento: um apartamento de tr\u00eas su\u00edtes, com 112 m\u00b2, e dois de duas su\u00edtes, de 92 m\u00b2. Todos contam com livings integrados, churrasqueira a carv\u00e3o em amplas sacadas tipo balc\u00e3o \u2014 conectando o ambiente interno \u00e0 natureza \u2014, aus\u00eancia de corredores na \u00e1rea \u00edntima, floreiras, duas vagas de garagem e hobby box, al\u00e9m de infraestrutura completa para aquecimento de \u00e1gua e ar-condicionado.. O M\u00e1rio Lago Residencial \u00e9 o primeiro empreendimento entregue na nova Avenida Santino Ludovino Voltolini, em meio \u00e0 outros grandes empreendimentos \u00edcones, a natureza preservada de Balne\u00e1rio Perequ\u00ea e a poucos metros do mar.<br>A \u00e1rea de lazer, com 550 m\u00b2, ocupa o s\u00e9timo pavimento e re\u00fane amplo deck externo com piscinas, espa\u00e7o grill, sal\u00e3o de festas, \u00e1rea gourmet, espa\u00e7o crian\u00e7a, ambiente fitness, e brinquedoteca.<br>\u201cA brasilidade est\u00e1 no DNA da construtora e incorporadora, que ingressou no mercado regional com os residenciais Jobim, em 2017, e \u00c1guas de Mar\u00e7o, em 2019, fortalecendo essa marca a cada empreendimento entregue\u201d, destaca o diretor comercial da Brasin, Fernando Vargas.<br>A s\u00f3cia-propriet\u00e1ria e diretora criativa, Larissa Silveira, refor\u00e7a que os projetos da Brasin s\u00e3o desenvolvidos para traduzir\u00a0 os melhores aspectos da cultura <a href=\"https:\/\/cidadenoar.com\" target=\"_blank\" rel=\"noreferrer noopener\">brasileira<\/a>. \u201cSomos movidos pela arquitetura, pela poesia e por inspira\u00e7\u00f5es art\u00edsticas. Esses diferenciais consolidam a Brasin no mercado imobili\u00e1rio do litoral centro-norte de Santa Catarina\u201d, afirma.<\/p>\n\n\n\n<p><strong>Nova Meca da constru\u00e7\u00e3o civil<\/strong><br>Porto Belo vive atualmente um dos per\u00edodos mais din\u00e2micos de sua hist\u00f3ria. O crescimento populacional acelerado, a valoriza\u00e7\u00e3o imobili\u00e1ria e a transforma\u00e7\u00e3o urbana consolidam o munic\u00edpio como o novo epicentro da <a href=\"https:\/\/cidadenoar.com.br\" target=\"_blank\" rel=\"noreferrer noopener\">Costa Esmeralda<\/a>. Com localiza\u00e7\u00e3o estrat\u00e9gica, natureza preservada e infraestrutura em expans\u00e3o, o destino atrai moradores em busca de qualidade de vida e investidores atentos ao potencial do litoral.<br>Nos \u00faltimos 12 anos, a popula\u00e7\u00e3o local cresceu mais de 70%, passando de 16 mil para 27 mil habitantes. O avan\u00e7o reflete a for\u00e7a do mercado, que j\u00e1 ultrapassa R$ 10 bilh\u00f5es em Valor Geral de Vendas (VGV) na regi\u00e3o.<br>Balne\u00e1rio Perequ\u00ea, cora\u00e7\u00e3o do desenvolvimento urbano de Porto Belo, concentra os principais lan\u00e7amentos e abriga um ambicioso Masterplan que redesenha o futuro da cidade com foco em mobilidade, turismo e sustentabilidade. Projetos como a urbaniza\u00e7\u00e3o da orla, o engordamento da faixa de areia e a constru\u00e7\u00e3o dos molhes do Rio Perequ\u00ea refor\u00e7am um crescimento planejado, integrado e sustent\u00e1vel.<\/p>\n","protected":false},"excerpt":{"rendered":"<p>Empreendimento em Porto Belo revisita o modernismo brasileiro e refor\u00e7a a identidade art\u00edstica e arquitet\u00f4nica da construtora<\/p>\n","protected":false},"author":1,"featured_media":4397,"comment_status":"open","ping_status":"open","sticky":false,"template":"","format":"standard","meta":{"maa_idioma":"","maa_pais":"","footnotes":""},"categories":[146],"tags":[152,110,255,137,112,231],"class_list":["post-4396","post","type-post","status-publish","format-standard","has-post-thumbnail","hentry","category-economia-negocios","tag-construcao-civil","tag-empreendedorismo","tag-imoveis","tag-porto-belo","tag-porto-belo-sc-2","tag-sc"],"_links":{"self":[{"href":"https:\/\/cidadenoar.com\/itapema\/wp-json\/wp\/v2\/posts\/4396","targetHints":{"allow":["GET"]}}],"collection":[{"href":"https:\/\/cidadenoar.com\/itapema\/wp-json\/wp\/v2\/posts"}],"about":[{"href":"https:\/\/cidadenoar.com\/itapema\/wp-json\/wp\/v2\/types\/post"}],"author":[{"embeddable":true,"href":"https:\/\/cidadenoar.com\/itapema\/wp-json\/wp\/v2\/users\/1"}],"replies":[{"embeddable":true,"href":"https:\/\/cidadenoar.com\/itapema\/wp-json\/wp\/v2\/comments?post=4396"}],"version-history":[{"count":0,"href":"https:\/\/cidadenoar.com\/itapema\/wp-json\/wp\/v2\/posts\/4396\/revisions"}],"wp:featuredmedia":[{"embeddable":true,"href":"https:\/\/cidadenoar.com\/itapema\/wp-json\/wp\/v2\/media\/4397"}],"wp:attachment":[{"href":"https:\/\/cidadenoar.com\/itapema\/wp-json\/wp\/v2\/media?parent=4396"}],"wp:term":[{"taxonomy":"category","embeddable":true,"href":"https:\/\/cidadenoar.com\/itapema\/wp-json\/wp\/v2\/categories?post=4396"},{"taxonomy":"post_tag","embeddable":true,"href":"https:\/\/cidadenoar.com\/itapema\/wp-json\/wp\/v2\/tags?post=4396"}],"curies":[{"name":"wp","href":"https:\/\/api.w.org\/{rel}","templated":true}]}}