{"id":4406,"date":"2025-12-06T17:37:46","date_gmt":"2025-12-06T20:37:46","guid":{"rendered":"https:\/\/cidadenoar.com\/itapema\/?p=4406"},"modified":"2025-12-06T17:37:49","modified_gmt":"2025-12-06T20:37:49","slug":"itapema-sem-filtro-a-matematica-cruel-entre-o-aluguel-de-r-3-500-a-falta-de-creches-e-o-salario-medio","status":"publish","type":"post","link":"https:\/\/cidadenoar.com\/itapema\/saude-bem%e2%80%91estar\/itapema-sem-filtro-a-matematica-cruel-entre-o-aluguel-de-r-3-500-a-falta-de-creches-e-o-salario-medio\/","title":{"rendered":"Itapema Sem Filtro: A matem\u00e1tica cruel entre o aluguel de R$ 3.500, a falta de creches e o sal\u00e1rio m\u00e9dio"},"content":{"rendered":"\n<p><em>Antes de fazer as malas, prepare a calculadora. Sobram vagas de emprego, mas faltam chaves de casa e hor\u00e1rios de creche compat\u00edveis com quem trabalha.<\/em><\/p>\n\n\n\n<p>Itapema \u00e9 a menina dos olhos do mercado imobili\u00e1rio brasileiro. Com o metro quadrado mais valorizado do pa\u00eds, a cidade vive um &#8220;boom&#8221; populacional. Quem chega como turista v\u00ea a orla impec\u00e1vel e os pr\u00e9dios de luxo. Mas quem chega com a carteira de trabalho na m\u00e3o para viver a cidade real, encontra um muro invis\u00edvel: <strong>a conta n\u00e3o fecha e a log\u00edstica n\u00e3o bate.<\/strong><\/p>\n\n\n\n<p>A discrep\u00e2ncia entre o sal\u00e1rio local, o custo da moradia e a infraestrutura p\u00fablica (especialmente creches e transporte) criou um fen\u00f4meno de exclus\u00e3o silenciosa. O trabalhador que constr\u00f3i o pr\u00e9dio de luxo ou atende na loja boutique, muitas vezes, n\u00e3o tem onde morar ou com quem deixar os filhos.<\/p>\n\n\n\n<h3 class=\"wp-block-heading\">O Choque de Realidade: O Sal\u00e1rio<\/h3>\n\n\n\n<p>Segundo dados oficiais compilados pela plataforma <em>Caravela<\/em>, a remunera\u00e7\u00e3o m\u00e9dia do trabalhador formal em <a href=\"https:\/\/cidadenoar.com.br\/itapema\/\" target=\"_blank\" rel=\"noreferrer noopener\">Itapema <\/a>\u00e9 de <strong>R$ 2,8 mil<\/strong>. Quando olhamos para as vagas que realmente est\u00e3o dispon\u00edveis (o &#8220;ch\u00e3o de loja&#8221; e a obra), a realidade \u00e9 ainda mais apertada em 2025:<\/p>\n\n\n\n<ul class=\"wp-block-list\">\n<li><strong>Servente de Obras:<\/strong> M\u00e9dia de R$ 1.900 a R$ 2.400.<\/li>\n\n\n\n<li><strong>Vendedor de Com\u00e9rcio:<\/strong> Piso em torno de R$ 1.900 + comiss\u00f5es (vari\u00e1veis).<\/li>\n\n\n\n<li><strong>Caixa de Supermercado:<\/strong> M\u00e9dia de R$ 1.800 a R$ 2.100.<\/li>\n<\/ul>\n\n\n\n<blockquote class=\"wp-block-quote is-layout-flow wp-block-quote-is-layout-flow\">\n<p><strong>O Dado:<\/strong> As classes E e D representam 50,2% de toda a massa salarial da <a href=\"https:\/\/cidadenoar.com\" target=\"_blank\" rel=\"noreferrer noopener\">cidade<\/a>. Metade de Itapema vive no aperto.<\/p>\n<\/blockquote>\n\n\n\n<h3 class=\"wp-block-heading\">O N\u00f3 Log\u00edstico: O Dilema da Creche e do Transporte<\/h3>\n\n\n\n<p>Se o aluguel j\u00e1 \u00e9 um vil\u00e3o (com apartamentos simples partindo de <strong>R$ 3.500<\/strong> em bairros como Morretes), ter filhos pequenos em Itapema eleva a dificuldade ao n\u00edvel &#8220;hard&#8221;.<\/p>\n\n\n\n<p>As vagas em creches p\u00fablicas em per\u00edodo integral s\u00e3o escassas e as filas de espera, longas. Resta o <strong>per\u00edodo parcial<\/strong>, e \u00e9 aqui que a log\u00edstica do trabalhador colapsa:<\/p>\n\n\n\n<ol start=\"1\" class=\"wp-block-list\">\n<li><strong>O Hor\u00e1rio:<\/strong> O turno matutino, por exemplo, atende as crian\u00e7as a partir das <strong>07:45<\/strong> e exige a retirada at\u00e9 \u00e0s <strong>11:45<\/strong>.<\/li>\n\n\n\n<li><strong>A Incompatibilidade:<\/strong> Qual emprego no com\u00e9rcio ou servi\u00e7os permite que a m\u00e3e ou pai saia \u00e0s 11:00 para cruzar a cidade e buscar o filho?<\/li>\n\n\n\n<li><strong>O Transporte:<\/strong> Com um transporte p\u00fablico que n\u00e3o cobre todas as \u00e1reas com agilidade, depender de \u00f4nibus para sair do trabalho e chegar na creche a tempo \u00e9 invi\u00e1vel.<\/li>\n<\/ol>\n\n\n\n<p><strong>O resultado:<\/strong> A fam\u00edlia \u00e9 <em>obrigada<\/em> a comprar um carro ou moto para fazer o trajeto, adicionando custo de combust\u00edvel e manuten\u00e7\u00e3o em um or\u00e7amento que j\u00e1 n\u00e3o existia.<\/p>\n\n\n\n<h3 class=\"wp-block-heading\">A &#8220;Calculadora da Sobreviv\u00eancia&#8221; <\/h3>\n\n\n\n<p>Vamos simular um casal com <strong>um filho de 3 anos<\/strong>. Eles trabalham, moram no Morretes e precisam de uma moto para dar conta de buscar a crian\u00e7a na creche.<\/p>\n\n\n\n<figure class=\"wp-block-table\"><table class=\"has-fixed-layout\"><thead><tr><td><strong>Receita (Casal)<\/strong><\/td><td><strong>Valor (Estimado L\u00edquido)<\/strong><\/td><\/tr><\/thead><tbody><tr><td>Sal\u00e1rio 1 (Com\u00e9rcio)<\/td><td>R$ 2.000,00<\/td><\/tr><tr><td>Sal\u00e1rio 2 (Obras)<\/td><td>R$ 2.400,00<\/td><\/tr><tr><td><strong>TOTAL RECEITA<\/strong><\/td><td><strong>R$ 4.400,00<\/strong><\/td><\/tr><\/tbody><\/table><\/figure>\n\n\n\n<figure class=\"wp-block-table\"><table class=\"has-fixed-layout\"><thead><tr><td><strong>Despesas Fixas<\/strong><\/td><td><strong>Valor M\u00e9dio<\/strong><\/td><\/tr><\/thead><tbody><tr><td>Aluguel (2 Quartos simples*)<\/td><td>R$ 3.500,00<\/td><\/tr><tr><td>Condom\u00ednio + Lixo<\/td><td>R$ 350,00<\/td><\/tr><tr><td>Luz + \u00c1gua + Internet<\/td><td>R$ 350,00<\/td><\/tr><tr><td>Mercado B\u00e1sico (3 pessoas)<\/td><td>R$ 1.100,00<\/td><\/tr><tr><td>Combust\u00edvel\/Manuten\u00e7\u00e3o Moto<\/td><td>R$ 300,00<\/td><\/tr><tr><td><strong>TOTAL DESPESAS<\/strong><\/td><td><strong>R$ 5.600,00<\/strong><\/td><\/tr><\/tbody><\/table><\/figure>\n\n\n\n<p>SALDO FINAL: &#8211; R$ 1.200,00 (D\u00c9FICIT)<\/p>\n\n\n\n<p>Nota: A conta fecha no vermelho. A solu\u00e7\u00e3o? Morar em condi\u00e7\u00f5es prec\u00e1rias, dividir casa com estranhos ou fazer &#8220;bicos&#8221; \u00e0 noite, sacrificando a sa\u00fade.<\/p>\n\n\n\n<h3 class=\"wp-block-heading\">Quem vive na pele: &#8220;Vim pelo sonho, fiquei pela teimosia&#8221;<\/h3>\n\n\n\n<blockquote class=\"wp-block-quote is-layout-flow wp-block-quote-is-layout-flow\">\n<p>Depoimento 1: A corrida contra o rel\u00f3gio<\/p>\n\n\n\n<p>&#8220;Consegui uma vaga meio per\u00edodo numa loja, achando que daria certo com a creche do meu menino. Mas a creche s\u00f3 abre 7:45. A loja abre \u00e0s 8:00. Eu chego atrasada todo dia. E 11:00 tenho que sair correndo de moto para pegar ele 11:45, sen\u00e3o o conselho tutelar reclama. O transporte p\u00fablico n\u00e3o d\u00e1 conta. Gasto o que ganho na gasolina da moto.&#8221;<\/p>\n\n\n\n<p>\u2014 Juliana M., 26 anos, Balconista.<em> (nome real ocultado)<\/em><\/p>\n<\/blockquote>\n\n\n\n<blockquote class=\"wp-block-quote is-layout-flow wp-block-quote-is-layout-flow\">\n<p>Depoimento 2: O aluguel imposs\u00edvel<\/p>\n\n\n\n<p>&#8220;Sou pedreiro, ganho bem para o padr\u00e3o da obra, mas o aluguel come 70% da renda. O dono pediu o apartamento em outubro para a temporada e quase ficamos na rua. Tivemos que ir para um bairro muito afastado. Itapema \u00e9 linda, mas est\u00e1 expulsando quem trabalha nela.&#8221;<\/p>\n\n\n\n<p>\u2014 Roberto S., 38 anos, Constru\u00e7\u00e3o Civil. <em> (nome real ocultado)<\/em><\/p>\n<\/blockquote>\n\n\n\n<h3 class=\"wp-block-heading\">O Veredito<\/h3>\n\n\n\n<p><a href=\"https:\/\/cidadenoar.com\/itapema\/tag\/itapema-sc\/\" data-type=\"post_tag\" data-id=\"95\">Itapema <\/a>\u00e9 terra de oportunidades para investidores. Mas para o trabalhador assalariado com filhos, a cidade apresenta barreiras quase intranspon\u00edveis.<\/p>\n\n\n\n<p>A dica do Cidadenoar: Antes de vir, n\u00e3o olhe apenas o sal\u00e1rio. Olhe o valor do aluguel anual (n\u00e3o o de temporada), verifique a fila da creche e considere se voc\u00ea tem ve\u00edculo pr\u00f3prio. O para\u00edso tem um pre\u00e7o, e ele \u00e9 cobrado todo dia 05.<\/p>\n\n\n\n<hr class=\"wp-block-separator has-alpha-channel-opacity\"\/>\n\n\n\n<h3 class=\"wp-block-heading\">Pergunta para voc\u00ea, leitor:<\/h3>\n\n\n\n<p>Voc\u00ea enfrenta a maratona da creche em Itapema? Como voc\u00ea concilia os hor\u00e1rios de 7:45 \u00e0s 11:45 com seu patr\u00e3o? Conte para n\u00f3s nos coment\u00e1rios.<\/p>\n","protected":false},"excerpt":{"rendered":"<p>Antes de fazer as malas, prepare a calculadora. Sobram vagas de emprego, mas faltam chaves de casa e hor\u00e1rios de creche compat\u00edveis com quem trabalha.<\/p>\n","protected":false},"author":1,"featured_media":4407,"comment_status":"open","ping_status":"open","sticky":false,"template":"","format":"standard","meta":{"maa_idioma":"","maa_pais":"","footnotes":""},"categories":[151],"tags":[152,258,95,257],"class_list":["post-4406","post","type-post","status-publish","format-standard","has-post-thumbnail","hentry","category-saude-bemestar","tag-construcao-civil","tag-custo-de-vida","tag-itapema-sc","tag-moradia"],"_links":{"self":[{"href":"https:\/\/cidadenoar.com\/itapema\/wp-json\/wp\/v2\/posts\/4406","targetHints":{"allow":["GET"]}}],"collection":[{"href":"https:\/\/cidadenoar.com\/itapema\/wp-json\/wp\/v2\/posts"}],"about":[{"href":"https:\/\/cidadenoar.com\/itapema\/wp-json\/wp\/v2\/types\/post"}],"author":[{"embeddable":true,"href":"https:\/\/cidadenoar.com\/itapema\/wp-json\/wp\/v2\/users\/1"}],"replies":[{"embeddable":true,"href":"https:\/\/cidadenoar.com\/itapema\/wp-json\/wp\/v2\/comments?post=4406"}],"version-history":[{"count":0,"href":"https:\/\/cidadenoar.com\/itapema\/wp-json\/wp\/v2\/posts\/4406\/revisions"}],"wp:featuredmedia":[{"embeddable":true,"href":"https:\/\/cidadenoar.com\/itapema\/wp-json\/wp\/v2\/media\/4407"}],"wp:attachment":[{"href":"https:\/\/cidadenoar.com\/itapema\/wp-json\/wp\/v2\/media?parent=4406"}],"wp:term":[{"taxonomy":"category","embeddable":true,"href":"https:\/\/cidadenoar.com\/itapema\/wp-json\/wp\/v2\/categories?post=4406"},{"taxonomy":"post_tag","embeddable":true,"href":"https:\/\/cidadenoar.com\/itapema\/wp-json\/wp\/v2\/tags?post=4406"}],"curies":[{"name":"wp","href":"https:\/\/api.w.org\/{rel}","templated":true}]}}