{"id":4411,"date":"2025-12-12T15:34:07","date_gmt":"2025-12-12T18:34:07","guid":{"rendered":"https:\/\/cidadenoar.com\/itapema\/?p=4411"},"modified":"2025-12-12T15:34:08","modified_gmt":"2025-12-12T18:34:08","slug":"desfile-de-natal-em-meia-praia-itapema-guia-completo-das-alteracoes-no-transito-e-rotas-alternativas-para-o-evento-festivo-de-sabado-13-12","status":"publish","type":"post","link":"https:\/\/cidadenoar.com\/itapema\/cultura-lazer\/desfile-de-natal-em-meia-praia-itapema-guia-completo-das-alteracoes-no-transito-e-rotas-alternativas-para-o-evento-festivo-de-sabado-13-12\/","title":{"rendered":"Desfile de Natal em Meia Praia, Itapema: Guia Completo das Altera\u00e7\u00f5es no Tr\u00e2nsito e Rotas Alternativas para o Evento Festivo de S\u00e1bado (13\/12)"},"content":{"rendered":"<p>O Bairro Meia Praia, em Itapema, se prepara para receber o tradicional Desfile de Natal neste s\u00e1bado, 13 de dezembro. Para garantir a seguran\u00e7a dos participantes e a organiza\u00e7\u00e3o do evento, a Secretaria de Seguran\u00e7a P\u00fablica, por meio do Departamento de Tr\u00e2nsito, implementar\u00e1 altera\u00e7\u00f5es provis\u00f3rias no fluxo de ve\u00edculos a partir das 14h.<\/p>\n<h3>Trechos Bloqueados e Rotas de Desvio<\/h3>\n<p>A principal mudan\u00e7a ocorrer\u00e1 na Avenida Nereu Ramos, que ter\u00e1 o tr\u00e2nsito totalmente bloqueado entre as ruas 248 e 262. Os condutores que estiverem na Avenida Nereu Ramos e se dirigirem \u00e0 \u00e1rea do desfile dever\u00e3o utilizar a Rua 246 como desvio. Em seguida, dever\u00e3o seguir pela Segunda Avenida, que funcionar\u00e1 em sentido duplo exclusivamente neste trecho, retornando \u00e0 Avenida Nereu Ramos na altura da Rua 264.<\/p>\n<h3>Orienta\u00e7\u00f5es e Recomenda\u00e7\u00f5es da Secretaria<\/h3>\n<p>O Secret\u00e1rio de Seguran\u00e7a P\u00fablica, Wanderley Dias, enfatiza a import\u00e2ncia da colabora\u00e7\u00e3o de todos para o sucesso e a seguran\u00e7a do evento. \u201cOrientamos os moradores e turistas que respeitem a sinaliza\u00e7\u00e3o, utilizem rotas alternativas e principalmente redobrem a aten\u00e7\u00e3o, pois teremos um alto fluxo de pedestres em toda a regi\u00e3o durante a realiza\u00e7\u00e3o do Desfile de Natal\u201d, destacou Dias. A pasta refor\u00e7a o pedido para que motoristas e pedestres fiquem atentos \u00e0s placas e \u00e0s orienta\u00e7\u00f5es dos agentes de tr\u00e2nsito que estar\u00e3o presentes no local.<\/p>\n","protected":false},"excerpt":{"rendered":"<p>O Bairro Meia Praia, em Itapema, se prepara para receber o tradicional Desfile de Natal neste s\u00e1bado, 13 de dezembro. Para garantir a seguran\u00e7a dos participantes e a organiza\u00e7\u00e3o do evento, a Secretaria de Seguran\u00e7a P\u00fablica, por meio do Departamento de Tr\u00e2nsito, implementar\u00e1 altera\u00e7\u00f5es provis\u00f3rias no fluxo de ve\u00edculos a partir das 14h. Trechos Bloqueados&#8230;<\/p>\n","protected":false},"author":1,"featured_media":4412,"comment_status":"open","ping_status":"open","sticky":false,"template":"","format":"standard","meta":{"maa_idioma":"","maa_pais":"","footnotes":""},"categories":[145],"tags":[95,184,106,259],"class_list":["post-4411","post","type-post","status-publish","format-standard","has-post-thumbnail","hentry","category-cultura-lazer","tag-itapema-sc","tag-meia-praia-itapema-sc","tag-seguranca","tag-transito"],"_links":{"self":[{"href":"https:\/\/cidadenoar.com\/itapema\/wp-json\/wp\/v2\/posts\/4411","targetHints":{"allow":["GET"]}}],"collection":[{"href":"https:\/\/cidadenoar.com\/itapema\/wp-json\/wp\/v2\/posts"}],"about":[{"href":"https:\/\/cidadenoar.com\/itapema\/wp-json\/wp\/v2\/types\/post"}],"author":[{"embeddable":true,"href":"https:\/\/cidadenoar.com\/itapema\/wp-json\/wp\/v2\/users\/1"}],"replies":[{"embeddable":true,"href":"https:\/\/cidadenoar.com\/itapema\/wp-json\/wp\/v2\/comments?post=4411"}],"version-history":[{"count":0,"href":"https:\/\/cidadenoar.com\/itapema\/wp-json\/wp\/v2\/posts\/4411\/revisions"}],"wp:featuredmedia":[{"embeddable":true,"href":"https:\/\/cidadenoar.com\/itapema\/wp-json\/wp\/v2\/media\/4412"}],"wp:attachment":[{"href":"https:\/\/cidadenoar.com\/itapema\/wp-json\/wp\/v2\/media?parent=4411"}],"wp:term":[{"taxonomy":"category","embeddable":true,"href":"https:\/\/cidadenoar.com\/itapema\/wp-json\/wp\/v2\/categories?post=4411"},{"taxonomy":"post_tag","embeddable":true,"href":"https:\/\/cidadenoar.com\/itapema\/wp-json\/wp\/v2\/tags?post=4411"}],"curies":[{"name":"wp","href":"https:\/\/api.w.org\/{rel}","templated":true}]}}