{"id":4416,"date":"2025-12-22T10:53:11","date_gmt":"2025-12-22T13:53:11","guid":{"rendered":"https:\/\/cidadenoar.com\/itapema\/geral\/pier-com-estrutura-unica-na-america-latina-sera-inaugurado-em-santa-catarina\/"},"modified":"2026-02-21T16:20:01","modified_gmt":"2026-02-21T19:20:01","slug":"pier-com-estrutura-unica-na-america-latina-sera-inaugurado-em-santa-catarina","status":"publish","type":"post","link":"https:\/\/cidadenoar.com\/itapema\/economia-negocios\/pier-com-estrutura-unica-na-america-latina-sera-inaugurado-em-santa-catarina\/","title":{"rendered":"P\u00eder com estrutura \u00fanica na Am\u00e9rica Latina ser\u00e1 inaugurado em Santa Catarina"},"content":{"rendered":"\n<p>Com cerca de 300 metros avan\u00e7ando sobre o mar e mais de 18 mil metros quadrados de \u00e1rea constru\u00edda, o P\u00eder Oporto, localizado em\u00a0<a href=\"https:\/\/cidadenoar.com\/itapema\" target=\"_blank\" rel=\"noreferrer noopener\">Meia Praia<\/a>,\u00a0um dos destinos mais procurados do litoral norte de Santa Catarina, ser\u00e1 inaugurado nesta segunda-feira, 22 de dezembro, e deve transformar a regi\u00e3o, movimentando a economia local e alavancando ainda mais o turismo.<\/p>\n\n\n\n<p>Mesmo antes de ser aberto ao p\u00fablico, o empreendimento j\u00e1 representa um marco para o munic\u00edpio. O projeto impacta diretamente a gera\u00e7\u00e3o de empregos, fortalece o turismo e impulsiona a valoriza\u00e7\u00e3o do mercado imobili\u00e1rio, consolidando Itapema como um dos destinos mais desejados do Sul do pa\u00eds.<\/p>\n\n\n\n<p>As obras do P\u00eder Oporto tiveram in\u00edcio em&nbsp;dezembro de 2023,&nbsp;ap\u00f3s as empresas&nbsp;MayBelly Incorporadora, Pantanal Neg\u00f3cios Imobili\u00e1rios, R7 Participa\u00e7\u00f5es e RGS Engenharia&nbsp;assumirem integralmente a execu\u00e7\u00e3o financeira e executiva do projeto. O investimento viabilizou a constru\u00e7\u00e3o de um dos empreendimentos mais aguardados da hist\u00f3ria da cidade.<\/p>\n\n\n\n<p>Mesmo diante da elevada complexidade t\u00e9cnica, especialmente por se tratar de uma estrutura constru\u00edda sobre o mar, o cronograma avan\u00e7ou em ritmo acelerado.&nbsp;A entrega em dezembro de 2025 \u00e9 impressionante, pois acontece um ano antes do prazo previsto em contrato, consolidando o compromisso das empresas com a cidade e a regi\u00e3o.<\/p>\n\n\n\n<p>\u201cPor estar sobre o mar, todas as etapas da constru\u00e7\u00e3o foram extremamente desafiadoras. Utilizamos materiais espec\u00edficos para o ambiente mar\u00edtimo, com tratamento e durabilidade diferenciados, al\u00e9m de solu\u00e7\u00f5es desenvolvidas exclusivamente para o P\u00eder Oporto. Concluir uma obra com essas caracter\u00edsticas \u00fanicas \u00e9 motivo de grande orgulho e representa um novo momento para Itapema e todo o litoral catarinense\u201d, destaca&nbsp;<strong>Maycol Marini<\/strong>, s\u00f3cio e diretor-presidente do P\u00eder Oporto.<\/p>\n\n\n\n<p><strong>Um novo \u00edcone do turismo e lazer<\/strong><\/p>\n\n\n\n<p>Com uma estrutura in\u00e9dita na Am\u00e9rica Latina, o\u00a0P\u00eder Oporto\u00a0se destaca por sua arquitetura e <a href=\"https:\/\/cidadenoar.com.br\" target=\"_blank\" rel=\"noreferrer noopener\">inova\u00e7\u00e3o<\/a>. Ser\u00e1 o \u00fanico\u00a0p\u00eder\u00a0do continente com estacionamento localizado abaixo da plataforma principal, oferecendo 226 vagas para ve\u00edculos.<\/p>\n\n\n\n<p>O espa\u00e7o foi projetado para oferecer uma experi\u00eancia completa de lazer, turismo e entretenimento, com lojas, restaurantes, quiosques, academia com vista panor\u00e2mica 360\u00b0 para o mar, espa\u00e7os de conviv\u00eancia e \u00e1rea comercial diversificada.<\/p>\n\n\n\n<p>O&nbsp;P\u00eder&nbsp;de Itapema passou a se chamar&nbsp;Oporto&nbsp;em alus\u00e3o ao maior empreendimento do litoral norte de Santa Catarina, lan\u00e7ado pela MayBelly Incorporadora, que leva o mesmo nome, simbolizando a grandiosidade e o estilo marcante do projeto.<\/p>\n\n\n\n<p><strong>Marcas confirmadas<\/strong><\/p>\n\n\n\n<p>O\u00a0P\u00eder Oporto\u00a0reunir\u00e1 54 opera\u00e7\u00f5es comerciais, entre elas marcas nacionais e internacionais de destaque. Uma das grandes atra\u00e7\u00f5es ser\u00e1 o Hard Rock Cafe, que em <a href=\"https:\/\/cidadenoar.com\/tag\/itapema-sc\/\" target=\"_blank\" data-type=\"post_tag\" data-id=\"54\" rel=\"noreferrer noopener\">Itapema <\/a>contar\u00e1 com a \u00fanica unidade do mundo constru\u00edda sobre a \u00e1gua, oferecendo uma vista 360\u00b0 para o mar.<\/p>\n\n\n\n<p>Al\u00e9m da famosa franquia, o local reunir\u00e1 o melhor da gastronomia, com\u00e9rcio e entretenimento, mantendo o prop\u00f3sito principal do projeto: proporcionar uma experi\u00eancia familiar completa, em um ambiente sofisticado, acolhedor e vibrante, pensado para todas as idades.<\/p>\n\n\n\n<p>\u00b7&nbsp;&nbsp;&nbsp;&nbsp;&nbsp;&nbsp;&nbsp;A\u00e7ailand<\/p>\n\n\n\n<p>\u00b7&nbsp;&nbsp;&nbsp;&nbsp;&nbsp;&nbsp;&nbsp;Amarelo Manga<\/p>\n\n\n\n<p>\u00b7&nbsp;&nbsp;&nbsp;&nbsp;&nbsp;&nbsp;&nbsp;Balas Fina<\/p>\n\n\n\n<p>\u00b7&nbsp;&nbsp;&nbsp;&nbsp;&nbsp;&nbsp;&nbsp;Bella Gula Tortaria e Caf\u00e9<\/p>\n\n\n\n<p>\u00b7&nbsp;&nbsp;&nbsp;&nbsp;&nbsp;&nbsp;&nbsp;Bumerang<\/p>\n\n\n\n<p>\u00b7&nbsp;&nbsp;&nbsp;&nbsp;&nbsp;&nbsp;&nbsp;Cali Cravings Bar e Grill<\/p>\n\n\n\n<p>\u00b7&nbsp;&nbsp;&nbsp;&nbsp;&nbsp;&nbsp;&nbsp;Choperia N1<\/p>\n\n\n\n<p>\u00b7&nbsp;&nbsp;&nbsp;&nbsp;&nbsp;&nbsp;&nbsp;Cremeli\u00ea Caf\u00e9<\/p>\n\n\n\n<p>\u00b7&nbsp;&nbsp;&nbsp;&nbsp;&nbsp;&nbsp;&nbsp;Est\u00e2ncia Las Lenas<\/p>\n\n\n\n<p>\u00b7&nbsp;&nbsp;&nbsp;&nbsp;&nbsp;&nbsp;&nbsp;Estapar<\/p>\n\n\n\n<p>\u00b7&nbsp;&nbsp;&nbsp;&nbsp;&nbsp;&nbsp;&nbsp;Forneria Oliva<\/p>\n\n\n\n<p>\u00b7&nbsp;&nbsp;&nbsp;&nbsp;&nbsp;&nbsp;&nbsp;Freddo Gelateria<\/p>\n\n\n\n<p>\u00b7&nbsp;&nbsp;&nbsp;&nbsp;&nbsp;&nbsp;&nbsp;Grano<\/p>\n\n\n\n<p>\u00b7&nbsp;&nbsp;&nbsp;&nbsp;&nbsp;&nbsp;&nbsp;Green Island<\/p>\n\n\n\n<p>\u00b7&nbsp;&nbsp;&nbsp;&nbsp;&nbsp;&nbsp;&nbsp;Hard Rock Cafe Itapema<\/p>\n\n\n\n<p>\u00b7&nbsp;&nbsp;&nbsp;&nbsp;&nbsp;&nbsp;&nbsp;It Wheel<\/p>\n\n\n\n<p>\u00b7&nbsp;&nbsp;&nbsp;&nbsp;&nbsp;&nbsp;&nbsp;Jet&nbsp;P\u00eder<\/p>\n\n\n\n<p>\u00b7&nbsp;&nbsp;&nbsp;&nbsp;&nbsp;&nbsp;&nbsp;Kekala<\/p>\n\n\n\n<p>\u00b7&nbsp;&nbsp;&nbsp;&nbsp;&nbsp;&nbsp;&nbsp;Kings Sneakers<\/p>\n\n\n\n<p>\u00b7&nbsp;&nbsp;&nbsp;&nbsp;&nbsp;&nbsp;&nbsp;Kopenhagen<\/p>\n\n\n\n<p>\u00b7&nbsp;&nbsp;&nbsp;&nbsp;&nbsp;&nbsp;&nbsp;Lefran J\u00f3ias<\/p>\n\n\n\n<p>\u00b7&nbsp;&nbsp;&nbsp;&nbsp;&nbsp;&nbsp;&nbsp;Los Mariachis Culin\u00e1ria Mexicana<\/p>\n\n\n\n<p>\u00b7&nbsp;&nbsp;&nbsp;&nbsp;&nbsp;&nbsp;&nbsp;Luzzoo<\/p>\n\n\n\n<p>\u00b7&nbsp;&nbsp;&nbsp;&nbsp;&nbsp;&nbsp;&nbsp;Outlet Suplementos<\/p>\n\n\n\n<p>\u00b7&nbsp;&nbsp;&nbsp;&nbsp;&nbsp;&nbsp;&nbsp;Orben Relojoaria e \u00d3tica<\/p>\n\n\n\n<p>\u00b7&nbsp;&nbsp;&nbsp;&nbsp;&nbsp;&nbsp;&nbsp;Pantai Sushi e Asi\u00e1tico<\/p>\n\n\n\n<p>\u00b7&nbsp;&nbsp;&nbsp;&nbsp;&nbsp;&nbsp;&nbsp;Pantanal Neg\u00f3cios Imobili\u00e1rios<\/p>\n\n\n\n<p>\u00b7&nbsp;&nbsp;&nbsp;&nbsp;&nbsp;&nbsp;&nbsp;Pizzaria D It\u00e1lia<\/p>\n\n\n\n<p>\u00b7&nbsp;&nbsp;&nbsp;&nbsp;&nbsp;&nbsp;&nbsp;Pratique Academia<\/p>\n\n\n\n<p>\u00b7&nbsp;&nbsp;&nbsp;&nbsp;&nbsp;&nbsp;&nbsp;Press Caf\u00e9<\/p>\n\n\n\n<p>\u00b7&nbsp;&nbsp;&nbsp;&nbsp;&nbsp;&nbsp;&nbsp;Restaurante Ra\u00edzes<\/p>\n\n\n\n<p>\u00b7&nbsp;&nbsp;&nbsp;&nbsp;&nbsp;&nbsp;&nbsp;Rede Leme de Combust\u00edveis e Conveni\u00eancia<\/p>\n\n\n\n<p>\u00b7&nbsp;&nbsp;&nbsp;&nbsp;&nbsp;&nbsp;&nbsp;Saudoso Boteco<\/p>\n\n\n\n<p>\u00b7&nbsp;&nbsp;&nbsp;&nbsp;&nbsp;&nbsp;&nbsp;Truck da Nona<\/p>\n\n\n\n<p>\u00b7&nbsp;&nbsp;&nbsp;&nbsp;&nbsp;&nbsp;&nbsp;Usina do Hamb\u00farguer<\/p>\n\n\n\n<p>\u00b7&nbsp;&nbsp;&nbsp;&nbsp;&nbsp;&nbsp;&nbsp;Vino!<\/p>\n\n\n\n<p>\u00b7&nbsp;&nbsp;&nbsp;&nbsp;&nbsp;&nbsp;&nbsp;Yoshake<\/p>\n\n\n\n<p>\u00b7&nbsp;&nbsp;&nbsp;&nbsp;&nbsp;&nbsp;&nbsp;Well Live<\/p>\n","protected":false},"excerpt":{"rendered":"<p>Com cerca de 300 metros avan\u00e7ando sobre o mar e mais de 18 mil metros quadrados de \u00e1rea constru\u00edda, o P\u00eder Oporto, localizado em\u00a0Meia Praia,\u00a0um dos destinos mais procurados do litoral norte de Santa Catarina, ser\u00e1 inaugurado nesta segunda-feira, 22 de dezembro, e deve transformar a regi\u00e3o, movimentando a economia local e alavancando ainda mais&#8230;<\/p>\n","protected":false},"author":1,"featured_media":4417,"comment_status":"open","ping_status":"open","sticky":false,"template":"","format":"standard","meta":{"maa_idioma":"","maa_pais":"","footnotes":""},"categories":[267,146],"tags":[110,95,260],"class_list":["post-4416","post","type-post","status-publish","format-standard","has-post-thumbnail","hentry","category-capa","category-economia-negocios","tag-empreendedorismo","tag-itapema-sc","tag-turismo"],"_links":{"self":[{"href":"https:\/\/cidadenoar.com\/itapema\/wp-json\/wp\/v2\/posts\/4416","targetHints":{"allow":["GET"]}}],"collection":[{"href":"https:\/\/cidadenoar.com\/itapema\/wp-json\/wp\/v2\/posts"}],"about":[{"href":"https:\/\/cidadenoar.com\/itapema\/wp-json\/wp\/v2\/types\/post"}],"author":[{"embeddable":true,"href":"https:\/\/cidadenoar.com\/itapema\/wp-json\/wp\/v2\/users\/1"}],"replies":[{"embeddable":true,"href":"https:\/\/cidadenoar.com\/itapema\/wp-json\/wp\/v2\/comments?post=4416"}],"version-history":[{"count":1,"href":"https:\/\/cidadenoar.com\/itapema\/wp-json\/wp\/v2\/posts\/4416\/revisions"}],"predecessor-version":[{"id":4462,"href":"https:\/\/cidadenoar.com\/itapema\/wp-json\/wp\/v2\/posts\/4416\/revisions\/4462"}],"wp:featuredmedia":[{"embeddable":true,"href":"https:\/\/cidadenoar.com\/itapema\/wp-json\/wp\/v2\/media\/4417"}],"wp:attachment":[{"href":"https:\/\/cidadenoar.com\/itapema\/wp-json\/wp\/v2\/media?parent=4416"}],"wp:term":[{"taxonomy":"category","embeddable":true,"href":"https:\/\/cidadenoar.com\/itapema\/wp-json\/wp\/v2\/categories?post=4416"},{"taxonomy":"post_tag","embeddable":true,"href":"https:\/\/cidadenoar.com\/itapema\/wp-json\/wp\/v2\/tags?post=4416"}],"curies":[{"name":"wp","href":"https:\/\/api.w.org\/{rel}","templated":true}]}}