{"id":4418,"date":"2026-01-27T22:56:56","date_gmt":"2026-01-28T01:56:56","guid":{"rendered":"https:\/\/cidadenoar.com\/itapema\/?p=4418"},"modified":"2026-02-21T16:19:52","modified_gmt":"2026-02-21T19:19:52","slug":"lideranca-francisco-hasckel-wf-construtora-itapema-referencia","status":"publish","type":"post","link":"https:\/\/cidadenoar.com\/itapema\/economia-negocios\/lideranca-francisco-hasckel-wf-construtora-itapema-referencia\/","title":{"rendered":"O Padr\u00e3o da Lideran\u00e7a: Como Francisco Hasckel e a Fam\u00edlia WF Moldam o Futuro de Itapema"},"content":{"rendered":"\n<p>A hist\u00f3ria de Itapema \u00e9 escrita por m\u00e3os que n\u00e3o temem o trabalho e por cora\u00e7\u00f5es que guardam a f\u00e9 como b\u00fassola. No centro desse desenvolvimento, destaca-se a trajet\u00f3ria de <strong>Francisco Schmitt Hasckel<\/strong>, carinhosamente conhecido como Chico, fundador da <strong>WF Construtora<\/strong>. Mais do que erguer edif\u00edcios que transformam o horizonte da <a href=\"https:\/\/cidadenoar.com\/tag\/meia-praia-itapema-sc\/\" target=\"_blank\" data-type=\"post_tag\" data-id=\"57\" rel=\"noreferrer noopener\">Meia Praia<\/a>, Francisco consolidou uma marca que \u00e9 o espelho de sua pr\u00f3pria casa. Em 2026, sua lideran\u00e7a ganha ainda mais relev\u00e2ncia institucional ao presidir o <strong>Sinduscon Costa Esmeralda<\/strong>, onde carrega a responsabilidade de guiar o setor com a mesma integridade que aplica em seus neg\u00f3cios.<\/p>\n\n\n\n<p>Nenhum homem constr\u00f3i um imp\u00e9rio sozinho, e a for\u00e7a da WF reside na uni\u00e3o inabal\u00e1vel da fam\u00edlia Hasckel. Ao lado de Francisco, sua esposa, <strong>Lisete Maria Schmitt Hasckel<\/strong>, tem sido o bra\u00e7o direito e o suporte fundamental que permitiu \u00e0 empresa atravessar d\u00e9cadas com solidez e prop\u00f3sito. No portal <strong>Cidade no Ar<\/strong>, acreditamos que a base de qualquer sucesso duradouro \u00e9 a valoriza\u00e7\u00e3o da vida e da fam\u00edlia, e \u00e9 inspirador observar como os filhos de Francisco e Lisete abra\u00e7aram o legado dos pais. <strong>Willian Francisco Hasckel<\/strong>, <strong>Francisco Hasckel Junior<\/strong> e <strong>Lais Schmitt Hasckel<\/strong> n\u00e3o s\u00e3o apenas herdeiros de um sobrenome, mas gestores ativos que trazem a seriedade da heran\u00e7a alem\u00e3 aliada ao dinamismo que o mercado moderno exige.<\/p>\n\n\n\n<p>Essa sucess\u00e3o harm\u00f4nica \u00e9 um fen\u00f4meno admir\u00e1vel. Ver o <strong>Junior<\/strong>, o <strong>Willian<\/strong> e a <strong>Lais<\/strong> trabalhando em sintonia com o patriarca mostra que a WF n\u00e3o entrega apenas metros quadrados; ela entrega a seguran\u00e7a de uma empresa que tem rosto, nome e que honra cada contrato como um compromisso moral. A cultura do trabalho honesto e da esperan\u00e7a, pilares da nossa linha editorial, est\u00e3o presentes em cada detalhe dos empreendimentos da fam\u00edlia. Para os Hasckel, construir em <a href=\"https:\/\/cidadenoar.com\/itapema\" target=\"_blank\" rel=\"noreferrer noopener\">Itapema <\/a>\u00e9 uma forma de servir ao pr\u00f3ximo, oferecendo lares onde outras fam\u00edlias possam florescer com a mesma paz que eles cultivam em sua pr\u00f3pria uni\u00e3o.<\/p>\n\n\n\n<p>Abaixo, analisamos os pilares que tornam a WF Construtora uma refer\u00eancia de confian\u00e7a em Santa Catarina:<\/p>\n\n\n\n<table style=\"width:100%; border-collapse: collapse; font-family: 'Segoe UI', Tahoma, Geneva, Verdana, sans-serif; margin: 25px 0; color: #333; box-shadow: 0 4px 8px rgba(0,0,0,0.1);\"> <thead> <tr style=\"background-color: #003366; color: #ffffff; text-align: left;\"> <th style=\"padding: 15px; border: 1px solid #ddd;\">Dimens\u00e3o do Legado<\/th> <th style=\"padding: 15px; border: 1px solid #ddd;\">A\u00e7\u00f5es da Fam\u00edlia Hasckel<\/th> <th style=\"padding: 15px; border: 1px solid #ddd;\">Impacto na Comunidade<\/th> <\/tr> <\/thead> <tbody> <tr> <td style=\"padding: 15px; border: 1px solid #ddd; font-weight: bold;\">Lideran\u00e7a \u00c9tica<\/td> <td style=\"padding: 15px; border: 1px solid #ddd;\">Francisco na presid\u00eancia do Sinduscon.<\/td> <td style=\"padding: 15px; border: 1px solid #ddd;\">Valoriza\u00e7\u00e3o e ordem para o setor.<\/td> <\/tr> <tr style=\"background-color: #f9f9f9;\"> <td style=\"padding: 15px; border: 1px solid #ddd; font-weight: bold;\">Sucess\u00e3o Unida<\/td> <td style=\"padding: 15px; border: 1px solid #ddd;\">Willian, Junior e Lais na gest\u00e3o.<\/td> <td style=\"padding: 15px; border: 1px solid #ddd;\">Continuidade e seguran\u00e7a de entrega.<\/td> <\/tr> <tr> <td style=\"padding: 15px; border: 1px solid #ddd; font-weight: bold;\">Base Familiar<\/td> <td style=\"padding: 15px; border: 1px solid #ddd;\">Apoio estrat\u00e9gico de Lisete Maria.<\/td> <td style=\"padding: 15px; border: 1px solid #ddd;\">Equil\u00edbrio e solidez moral na empresa.<\/td> <\/tr> <tr style=\"background-color: #f9f9f9;\"> <td style=\"padding: 15px; border: 1px solid #ddd; font-weight: bold;\">Rigor T\u00e9cnico<\/td> <td style=\"padding: 15px; border: 1px solid #ddd;\">Foco na qualidade e pontualidade.<\/td> <td style=\"padding: 15px; border: 1px solid #ddd;\">Valoriza\u00e7\u00e3o do patrim\u00f4nio do cliente.<\/td> <\/tr> <\/tbody> <\/table>\n\n\n\n<p>O futuro de Itapema est\u00e1 em boas m\u00e3os quando l\u00edderes como Francisco Schmitt Hasckel decidem que sua miss\u00e3o \u00e9 deixar um legado que v\u00e1 al\u00e9m do concreto. A WF Construtora \u00e9 um exemplo de que a prosperidade \u00e9 uma colheita direta do trabalho \u00e9tico. Que a trajet\u00f3ria dessa fam\u00edlia continue a inspirar nossa cidade, provando que o sucesso verdadeiro \u00e9 aquele que pode ser compartilhado ao redor da mesa, com a consci\u00eancia tranquila de quem constr\u00f3i sobre a rocha da verdade e da fam\u00edlia.<\/p>\n\n\n\n<script type=\"application\/ld+json\">\n{\n  \"@context\": \"https:\/\/schema.org\",\n  \"@type\": \"NewsArticle\",\n  \"mainEntityOfPage\": {\n    \"@type\": \"WebPage\",\n    \"@id\": \"COLE_A_URL_FINAL\"\n  },\n  \"headline\": \"O Alicerce de uma Fam\u00edlia: Francisco Schmitt Hasckel e o Legado da WF Construtora\",\n  \"description\": \"Uma an\u00e1lise profunda sobre a trajet\u00f3ria de Francisco Schmitt Hasckel, presidente do Sinduscon, sua esposa Lisete e os filhos Willian, Junior e Lais na WF Construtora.\",\n  \"image\": \"URL_DA_FOTO_DO_SR_FRANCISCO_E_FAMILIA\",  \n  \"author\": {\n    \"@type\": \"Organization\",\n    \"name\": \"Reda\u00e7\u00e3o Cidade no Ar\"\n  },\n  \"publisher\": {\n    \"@type\": \"Organization\",\n    \"name\": \"Cidade no Ar\",\n    \"logo\": {\n      \"@type\": \"ImageObject\",\n      \"url\": \"https:\/\/cidadenoar.com\/wp-content\/uploads\/2025\/11\/svgexport-2-1.webp\"\n    }\n  },\n  \"datePublished\": \"2026-01-27\",\n  \"faqPage\": {\n    \"@type\": \"FAQPage\",\n    \"mainEntity\": [\n      {\n        \"@type\": \"Question\",\n        \"name\": \"Quem s\u00e3o os propriet\u00e1rios da WF Construtora?\",\n        \"acceptedAnswer\": {\n          \"@type\": \"Answer\",\n          \"text\": \"A WF Construtora \u00e9 liderada pelo fundador Francisco Schmitt Hasckel, sua esposa Lisete Maria e seus filhos Willian, Junior e Lais.\"\n        }\n      },\n      {\n        \"@type\": \"Question\",\n        \"name\": \"Qual a fun\u00e7\u00e3o atual de Francisco Schmitt Hasckel no setor?\",\n        \"acceptedAnswer\": {\n          \"@type\": \"Answer\",\n          \"text\": \"Ele \u00e9 o atual presidente do Sinduscon Costa Esmeralda em Itapema.\"\n        }\n      }\n    ]\n  }\n}\n<\/script>\n","protected":false},"excerpt":{"rendered":"<p>A hist\u00f3ria de Itapema \u00e9 escrita por m\u00e3os que n\u00e3o temem o trabalho e por cora\u00e7\u00f5es que guardam a f\u00e9 como b\u00fassola. No centro desse desenvolvimento, destaca-se a trajet\u00f3ria de Francisco Schmitt Hasckel, carinhosamente conhecido como Chico, fundador da WF Construtora. Mais do que erguer edif\u00edcios que transformam o horizonte da Meia Praia, Francisco consolidou&#8230;<\/p>\n","protected":false},"author":1,"featured_media":4419,"comment_status":"open","ping_status":"open","sticky":false,"template":"","format":"standard","meta":{"maa_idioma":"","maa_pais":"","footnotes":""},"categories":[267,146],"tags":[152,110,95,261],"class_list":["post-4418","post","type-post","status-publish","format-standard","has-post-thumbnail","hentry","category-capa","category-economia-negocios","tag-construcao-civil","tag-empreendedorismo","tag-itapema-sc","tag-sinduscon"],"_links":{"self":[{"href":"https:\/\/cidadenoar.com\/itapema\/wp-json\/wp\/v2\/posts\/4418","targetHints":{"allow":["GET"]}}],"collection":[{"href":"https:\/\/cidadenoar.com\/itapema\/wp-json\/wp\/v2\/posts"}],"about":[{"href":"https:\/\/cidadenoar.com\/itapema\/wp-json\/wp\/v2\/types\/post"}],"author":[{"embeddable":true,"href":"https:\/\/cidadenoar.com\/itapema\/wp-json\/wp\/v2\/users\/1"}],"replies":[{"embeddable":true,"href":"https:\/\/cidadenoar.com\/itapema\/wp-json\/wp\/v2\/comments?post=4418"}],"version-history":[{"count":2,"href":"https:\/\/cidadenoar.com\/itapema\/wp-json\/wp\/v2\/posts\/4418\/revisions"}],"predecessor-version":[{"id":4421,"href":"https:\/\/cidadenoar.com\/itapema\/wp-json\/wp\/v2\/posts\/4418\/revisions\/4421"}],"wp:featuredmedia":[{"embeddable":true,"href":"https:\/\/cidadenoar.com\/itapema\/wp-json\/wp\/v2\/media\/4419"}],"wp:attachment":[{"href":"https:\/\/cidadenoar.com\/itapema\/wp-json\/wp\/v2\/media?parent=4418"}],"wp:term":[{"taxonomy":"category","embeddable":true,"href":"https:\/\/cidadenoar.com\/itapema\/wp-json\/wp\/v2\/categories?post=4418"},{"taxonomy":"post_tag","embeddable":true,"href":"https:\/\/cidadenoar.com\/itapema\/wp-json\/wp\/v2\/tags?post=4418"}],"curies":[{"name":"wp","href":"https:\/\/api.w.org\/{rel}","templated":true}]}}